{"id":1250,"date":"2016-11-16T07:11:14","date_gmt":"2016-11-16T05:11:14","guid":{"rendered":"https:\/\/bloggar.hemmetsjournal.se\/anna\/?p=1250"},"modified":"2016-11-16T08:16:47","modified_gmt":"2016-11-16T06:16:47","slug":"hur-larde-du-dig","status":"publish","type":"post","link":"https:\/\/bloggar.hemmetsjournal.se\/anna\/2016\/hur-larde-du-dig\/","title":{"rendered":"Hur l\u00e4rde du dig?"},"content":{"rendered":"<p>Hur l\u00e4rde du dig att sticka eller virka?<\/p>\n<p>Den fr\u00e5gan st\u00e4llde jag i en t\u00e4vling i slutet av september.<\/p>\n<p>N\u00e4r jag b\u00f6rjade hitta p\u00e5 t\u00e4vlingsfr\u00e5gor var det mest f\u00f6r att man inte f\u00e5r lotta ut saker hur som helst &#8212; det m\u00e5ste vara ett t\u00e4vlingsmoment. Men n\u00e4r svaren b\u00f6rjade komma in ins\u00e5g jag att t\u00e4vlingar \u00e4r ett fantastiskt tillf\u00e4lle att samla ihop och sprida inspiration av lite olika slag. S\u00e5 idag f\u00e5r alla som vill l\u00e4sa om hur en hel liten rad handarbetare kom ig\u00e5ng, en del f\u00f6r mycket l\u00e4nge sedan, andra mer nyligen. Hoppas att det kan inspirera en och annan till att ta sig tid (eller att ta sig \u00e4nnu mer tid) med n\u00e5got barn i n\u00e4rheten, ett eget eller n\u00e5gon annans. Den uppm\u00e4rksamhet som man f\u00e5r n\u00e4r man sitter ensam med en vuxen och l\u00e4r sig n\u00e5got praktiskt \u00e4r helt uppenbart ett minne f\u00f6r livet!<\/p>\n<p><img loading=\"lazy\" decoding=\"async\" class=\"alignnone size-large wp-image-1224\" src=\"https:\/\/bloggar.hemmetsjournal.se\/anna\/wp-content\/uploads\/sites\/2\/2015\/12\/DSC_1550-1024x682.jpg\" alt=\"dsc_1550\" width=\"1024\" height=\"682\" srcset=\"https:\/\/bloggar.hemmetsjournal.se\/anna\/wp-content\/uploads\/sites\/2\/2015\/12\/DSC_1550-1024x682.jpg 1024w, https:\/\/bloggar.hemmetsjournal.se\/anna\/wp-content\/uploads\/sites\/2\/2015\/12\/DSC_1550-300x200.jpg 300w, https:\/\/bloggar.hemmetsjournal.se\/anna\/wp-content\/uploads\/sites\/2\/2015\/12\/DSC_1550-768x512.jpg 768w, https:\/\/bloggar.hemmetsjournal.se\/anna\/wp-content\/uploads\/sites\/2\/2015\/12\/DSC_1550.jpg 1280w\" sizes=\"(max-width: 1024px) 100vw, 1024px\" \/><\/p>\n<p><strong>Desir\u00e9e i Norrk\u00f6ping:<\/strong><\/p>\n<p>Jag kommer ih\u00e5g det s\u00e5 v\u00e4l: jag var liten och bes\u00f6kte min farmor och beundrade henne alltid n\u00e4r hon satt och pysslade med garnet i ena h\u00f6rnet p\u00e5 soffan, de vackra f\u00e4rgerna som formades till vackra hantverk, fina tr\u00f6jor, m\u00f6ssor och annat gott som passade b\u00e5de mig och mina dockor\/nallisar. N\u00e4r jag blev lite \u00e4ldre, kanske sex&#8211;sju \u00e5r,\u00a0l\u00e4rde hon mig b\u00e5de hur man virkar och stickar grundl\u00e4ggande maskor. Jag minns min gl\u00e4dje som om det var ig\u00e5r, och idag n\u00e4r jag \u00e4r 23 \u00e5r s\u00e5 har den k\u00e4nslan kommit tillbaka. Jag \u00e4lskar lugnet i en stressad vardag, att f\u00e5 en stund f\u00f6r sig sj\u00e4lv och bara slappna av samtidigt som man skapar n\u00e5got vackert, utan en massa m\u00e5sten.<\/p>\n<p><strong>Karin i Ume\u00e5:<\/strong><\/p>\n<p>Kommer inte ih\u00e5g vet som l\u00e4rde mig virka men virkade mycket som ung. Nu vill jag b\u00f6rja igen, jag vill ocks\u00e5\u00a0l\u00e4ra mig sticka. N\u00e4r jag var ung gjorde jag egna kuddar av virkade mormorsrutor. Dessa kuddar finns p\u00e5 min soffa \u00e4n.<\/p>\n<p><strong>Ulla i Eken\u00e4s i Finland:<\/strong><\/p>\n<p>Min mormor l\u00e4rde mig sticka, virka och sy. Hon var s\u00f6mmerska till yrket.\u00a0\u00c4nnu idag\u00a0\u00e4lskar jag att sticka, sy och\u00a0 pyssla.\u00a0Jag har just f\u00e5tt mitt f\u00f6rsta barnbarn, och jag har just stickat m\u00f6ssan i\u00a0r\u00e4tstickning, den som ocks\u00e5 mina egna barn hade flera\u00a0 av. Det \u00e4r en modell\u00a0som passar alla huvuden.<\/p>\n<p>(Kommentar fr\u00e5n Anna: jag tror att det \u00e4r <a href=\"https:\/\/kyrkkaffe.libris.se\/?p=9799\">den h\u00e4r m\u00f6ssan<\/a> Ulla menar!)<\/p>\n<p><strong>Gunvor i Valskog:<\/strong><\/p>\n<p>Min mamma l\u00e4rde mig sticka. I b\u00f6rjan tyckte jag att det var v\u00e4ldigt kr\u00e5ngligt, men s\u00e5 sm\u00e5ningom s\u00e5 blev det l\u00e4ttare, och nu kan jag n\u00e4sta sticka i s\u00f6mnen.<\/p>\n<p><strong>Marie i Borl\u00e4nge:<\/strong><\/p>\n<p>N\u00e4r jag var 15&#8211;16 \u00e5r gick jag p\u00e5 lanthush\u00e5llsskola. Vi skulle l\u00e4ra oss att sticka, och jag skulle sticka en babysjal. Men det blev inte bra, s\u00e5 jag tog hem den till min mamma s\u00e5 hon fick sticka den. Efter det l\u00e4rde jag mig att sticka riktigt.<\/p>\n<p><strong>Camilla:<\/strong><\/p>\n<p>Jag minns\u00a0att min mor virkade n\u00e4r jag var liten, hon virkade ofta och hon virkade allt, gardiner, babykoftor, dukar, s\u00e4ng\u00f6verkast. Virka kunde hon!\u00a0N\u00e4r jag sedan b\u00f6rjade skolan och skulle l\u00e4ra mig att b\u00e5de virka och sticka tyckte jag det var S\u00c5 tr\u00e5kigt. Handarbeta var n\u00e5got som morm\u00f6drar och farm\u00f6drar gjorde &#8212; och s\u00e5 min mor.\u00a0Men s\u00e5 f\u00f6r n\u00e5got \u00e5r sedan b\u00f6rjade min sv\u00e4rmor prata om att hon hade gamla p\u00e5b\u00f6rjade dukar som hon funderade p\u00e5 att f\u00e4rdigst\u00e4lla, och min nyfikenhet v\u00e4cktes.\u00a0Min sv\u00e4rmor hj\u00e4lpte mig med grunderna i b\u00e5de stickning och virkning, och jag b\u00f6rjade sticka och virka disktrasor. Det tycker jag \u00e4r s\u00e5 roligt. Det har blivit n\u00e5gra hundra disktrasor det h\u00e4r \u00e5ret!<\/p>\n<div><img loading=\"lazy\" decoding=\"async\" class=\"alignnone size-large wp-image-1095\" src=\"https:\/\/bloggar.hemmetsjournal.se\/anna\/wp-content\/uploads\/sites\/2\/2016\/10\/DSC_2066-1024x682.jpg\" alt=\"dsc_2066\" width=\"1024\" height=\"682\" srcset=\"https:\/\/bloggar.hemmetsjournal.se\/anna\/wp-content\/uploads\/sites\/2\/2016\/10\/DSC_2066-1024x682.jpg 1024w, https:\/\/bloggar.hemmetsjournal.se\/anna\/wp-content\/uploads\/sites\/2\/2016\/10\/DSC_2066-300x200.jpg 300w, https:\/\/bloggar.hemmetsjournal.se\/anna\/wp-content\/uploads\/sites\/2\/2016\/10\/DSC_2066-768x512.jpg 768w, https:\/\/bloggar.hemmetsjournal.se\/anna\/wp-content\/uploads\/sites\/2\/2016\/10\/DSC_2066.jpg 1280w\" sizes=\"(max-width: 1024px) 100vw, 1024px\" \/><\/div>\n<p>&nbsp;<\/p>\n<p><strong>AnnKristin i V\u00e4sterbotten:<\/strong><\/p>\n<p>Jag b\u00f6rjade min &#8221;karri\u00e4r&#8221; som stickerska som fem\u00e5ring genom att sticka utan garn &#8230; L\u00e4ttast s\u00e5, tyckte jag. Min farmor tyckte att jag nog borde ha garn ocks\u00e5, och resultatet blev en osymmetrisk och vind grytlapp som s\u00e5g erbarmerlig ut &#8230; Men jag var stolt!<\/p>\n<p><strong>Hanna:<\/strong><\/p>\n<p>Min mormor l\u00e4rde mig sticka n\u00e4r jag var liten. Sedan hade jag uppeh\u00e5ll n\u00e5gra \u00e5r, men n\u00e4r jag var i 20-\u00e5rs\u00e5ldern ville jag b\u00f6rja igen och gjorde det. Nu \u00e4r jag 24. Det har blivit ett g\u00e4ng strumpor och vantar mest, men \u00e4ven lite annat. Tycker det \u00e4r roligt att prova p\u00e5 nya m\u00f6nster, f\u00f6r det blir s\u00e5 fint n\u00e4r det \u00e4r klart, n\u00e4stan f\u00f6r fint s\u00e5 man inte v\u00e5gar anv\u00e4nda plagget. Men det \u00e4r en sk\u00f6n avslappnande syssla.<\/p>\n<p><strong>Susanne i Mellerud:<\/strong><\/p>\n<p>Mamma stickade j\u00e4mt, och en av mina \u00e4ldre systrar sydde och stickade mycket. Vi yngre systrar stickade saker till v\u00e5ra dockor. Det var mamma som l\u00e4rde oss l\u00e4gga upp maskor och sticka, och s\u00e5 har det fortsatt.<\/p>\n<p><strong>Lena:<\/strong><\/p>\n<p>Jag b\u00f6rjade sticka och virka i ton\u00e5ren. F\u00f6rst l\u00e4rde jag mig p\u00e5 sysl\u00f6jden i skolan, men jag tog ocks\u00e5 hj\u00e4lp av min mamma. I vuxen \u00e5lder kom jag av mig n\u00e4r barn och familj &#8221;kom emellan&#8221;. Nu \u00e4r jag 40 och ett par \u00e5r och har hittat tillbaka till handarbetandet, och jag \u00e4lskar det. K\u00e4nner mig snudd p\u00e5 fanatisk ibland eftersom jag tycker allt utom handarbete \u00e4r sl\u00f6seri med tid. M\u00e5ste man verkligen jobba, st\u00e4da, laga mat, diska och vara social?<\/p>\n<p><strong>Mia:<\/strong><\/p>\n<p>Min mormor l\u00e4rde mig virka n\u00e4r jag var nio \u00e5r. Vi satt tillsammans och virkade och \u00e5t godis. Det var s\u00e5 mysigt.<\/p>\n<p><strong>Margareta:<\/strong><\/p>\n<p>Mor l\u00e4rde mig sticka n\u00e4r jag var \u00e5tta&#8211;nio \u00e5r. Jag hade vattenkoppor och tyckte att det var tr\u00e5kigt\u00a0&#8230;<\/p>\n<p><strong>Linda:<\/strong><\/p>\n<p>B\u00e5de min farmor och min mamma var och \u00e4r v\u00e4ldigt pyssliga, och av dem har jag l\u00e4rt mig att sticka, virka och brodera med mera. Jag \u00e4lskar de avslappnande momenten och k\u00e4nslan av att skapa, och jag hoppas att jag ska lyckas f\u00f6rmedla detta intresse till mina barn och barnbarn i framtiden!<\/p>\n<p>***<\/p>\n<p>Tack, alla ni som har ber\u00e4ttat! Det h\u00e4r var svar fr\u00e5n t\u00e4vlingen om ett antikvariatsexemplar av <em>Stora boken om handarbete<\/em>. I ett par senare t\u00e4vlingar om andra handarbetsb\u00f6cker har det ocks\u00e5 kommit floder av svar, s\u00e5 jag tror att jag \u00e5terkommer med mer!<\/p>\n<p>Och f\u00f6rresten: m\u00e5nga av er l\u00e4gger s\u00e4kert m\u00e4rke till att det \u00e4r enbart kvinnor som n\u00e4mns som &#8221;l\u00e4rare&#8221; h\u00e4r. Det har ju sina orsaker, men jag m\u00e5ste ber\u00e4tta att f\u00f6r n\u00e5gra \u00e5r sedan n\u00e4r jag var i Vimmerby och ber\u00e4ttade om hj\u00e4lpstickning i bokhandeln d\u00e4r var det en \u00e4ldre kvinna som sa att hon hade l\u00e4rt sig sticka av sin pappa. Hon sa inte att han stickade\u00a0mycket, men hon ber\u00e4ttade att han hade l\u00e4rt sig i sl\u00f6jden och kom ih\u00e5g hur man gjorde s\u00e5 att han kunde l\u00e4ra henne. Hurra f\u00f6r den pappan!<\/p>\n","protected":false},"excerpt":{"rendered":"<p>Hur l\u00e4rde du dig att sticka eller virka? Den fr\u00e5gan st\u00e4llde jag i en t\u00e4vling i slutet av september. N\u00e4r jag b\u00f6rjade hitta p\u00e5 t\u00e4vlingsfr\u00e5gor var det mest f\u00f6r att man inte f\u00e5r lotta ut saker hur som helst &#8212; det m\u00e5ste vara ett t\u00e4vlingsmoment. Men n\u00e4r svaren b\u00f6rjade komma in ins\u00e5g jag att t\u00e4vlingar&#8230;<\/p>\n","protected":false},"author":31,"featured_media":0,"comment_status":"closed","ping_status":"closed","sticky":false,"template":"","format":"standard","meta":{"site-sidebar-layout":"default","site-content-layout":"","ast-site-content-layout":"default","site-content-style":"default","site-sidebar-style":"default","ast-global-header-display":"","ast-banner-title-visibility":"","ast-main-header-display":"","ast-hfb-above-header-display":"","ast-hfb-below-header-display":"","ast-hfb-mobile-header-display":"","site-post-title":"","ast-breadcrumbs-content":"","ast-featured-img":"","footer-sml-layout":"","ast-disable-related-posts":"","theme-transparent-header-meta":"","adv-header-id-meta":"","stick-header-meta":"","header-above-stick-meta":"","header-main-stick-meta":"","header-below-stick-meta":"","astra-migrate-meta-layouts":"default","ast-page-background-enabled":"default","ast-page-background-meta":{"desktop":{"background-color":"var(--ast-global-color-4)","background-image":"","background-repeat":"repeat","background-position":"center center","background-size":"auto","background-attachment":"scroll","background-type":"","background-media":"","overlay-type":"","overlay-color":"","overlay-opacity":"","overlay-gradient":""},"tablet":{"background-color":"","background-image":"","background-repeat":"repeat","background-position":"center center","background-size":"auto","background-attachment":"scroll","background-type":"","background-media":"","overlay-type":"","overlay-color":"","overlay-opacity":"","overlay-gradient":""},"mobile":{"background-color":"","background-image":"","background-repeat":"repeat","background-position":"center center","background-size":"auto","background-attachment":"scroll","background-type":"","background-media":"","overlay-type":"","overlay-color":"","overlay-opacity":"","overlay-gradient":""}},"ast-content-background-meta":{"desktop":{"background-color":"var(--ast-global-color-5)","background-image":"","background-repeat":"repeat","background-position":"center center","background-size":"auto","background-attachment":"scroll","background-type":"","background-media":"","overlay-type":"","overlay-color":"","overlay-opacity":"","overlay-gradient":""},"tablet":{"background-color":"var(--ast-global-color-5)","background-image":"","background-repeat":"repeat","background-position":"center center","background-size":"auto","background-attachment":"scroll","background-type":"","background-media":"","overlay-type":"","overlay-color":"","overlay-opacity":"","overlay-gradient":""},"mobile":{"background-color":"var(--ast-global-color-5)","background-image":"","background-repeat":"repeat","background-position":"center center","background-size":"auto","background-attachment":"scroll","background-type":"","background-media":"","overlay-type":"","overlay-color":"","overlay-opacity":"","overlay-gradient":""}},"footnotes":""},"categories":[136,137],"tags":[],"class_list":["post-1250","post","type-post","status-publish","format-standard","hentry","category-handarbetshistoria","category-handarbetsminnen"],"_links":{"self":[{"href":"https:\/\/bloggar.hemmetsjournal.se\/anna\/wp-json\/wp\/v2\/posts\/1250"}],"collection":[{"href":"https:\/\/bloggar.hemmetsjournal.se\/anna\/wp-json\/wp\/v2\/posts"}],"about":[{"href":"https:\/\/bloggar.hemmetsjournal.se\/anna\/wp-json\/wp\/v2\/types\/post"}],"author":[{"embeddable":true,"href":"https:\/\/bloggar.hemmetsjournal.se\/anna\/wp-json\/wp\/v2\/users\/31"}],"replies":[{"embeddable":true,"href":"https:\/\/bloggar.hemmetsjournal.se\/anna\/wp-json\/wp\/v2\/comments?post=1250"}],"version-history":[{"count":7,"href":"https:\/\/bloggar.hemmetsjournal.se\/anna\/wp-json\/wp\/v2\/posts\/1250\/revisions"}],"predecessor-version":[{"id":1257,"href":"https:\/\/bloggar.hemmetsjournal.se\/anna\/wp-json\/wp\/v2\/posts\/1250\/revisions\/1257"}],"wp:attachment":[{"href":"https:\/\/bloggar.hemmetsjournal.se\/anna\/wp-json\/wp\/v2\/media?parent=1250"}],"wp:term":[{"taxonomy":"category","embeddable":true,"href":"https:\/\/bloggar.hemmetsjournal.se\/anna\/wp-json\/wp\/v2\/categories?post=1250"},{"taxonomy":"post_tag","embeddable":true,"href":"https:\/\/bloggar.hemmetsjournal.se\/anna\/wp-json\/wp\/v2\/tags?post=1250"}],"curies":[{"name":"wp","href":"https:\/\/api.w.org\/{rel}","templated":true}]}}