{"id":1237,"date":"2016-12-17T13:10:15","date_gmt":"2016-12-17T11:10:15","guid":{"rendered":"https:\/\/bloggar.hemmetsjournal.se\/anna\/?p=1237"},"modified":"2017-03-07T18:42:17","modified_gmt":"2017-03-07T16:42:17","slug":"lilla-tuffing-trojan","status":"publish","type":"post","link":"https:\/\/bloggar.hemmetsjournal.se\/anna\/2016\/lilla-tuffing-trojan\/","title":{"rendered":"Lilla tuffing-tr\u00f6jan"},"content":{"rendered":"<p>Det \u00e4r klart att man kan g\u00f6ra en tr\u00f6ja av <a href=\"https:\/\/www.jarbo.se\/lilla-tuffing\/\">Lilla tuffing-koftan<\/a>! Det var bara det att det inte blev av f\u00f6r mig \u2026 men\u00a0<a href=\"https:\/\/www.maskorochstygn.se\/\">Ingrid i Simrishamn<\/a>\u00a0gjorde det, och nu \u00e4r det ganska m\u00e5nga som har provat beskrivningen, s\u00e5 det \u00e4r dags att sl\u00e4ppa ut den i v\u00e4rlden!<\/p>\n<p><img loading=\"lazy\" decoding=\"async\" class=\"size-large wp-image-1238\" src=\"https:\/\/bloggar.hemmetsjournal.se\/anna\/wp-content\/uploads\/sites\/2\/2016\/11\/Lilla-Tuffing-tr\u00f6ja-klar-1-1024x631.jpg\" alt=\"OLYMPUS DIGITAL CAMERA\" width=\"1024\" height=\"631\" srcset=\"https:\/\/bloggar.hemmetsjournal.se\/anna\/wp-content\/uploads\/sites\/2\/2016\/11\/Lilla-Tuffing-tr\u00f6ja-klar-1-1024x631.jpg 1024w, https:\/\/bloggar.hemmetsjournal.se\/anna\/wp-content\/uploads\/sites\/2\/2016\/11\/Lilla-Tuffing-tr\u00f6ja-klar-1-300x185.jpg 300w, https:\/\/bloggar.hemmetsjournal.se\/anna\/wp-content\/uploads\/sites\/2\/2016\/11\/Lilla-Tuffing-tr\u00f6ja-klar-1-768x474.jpg 768w, https:\/\/bloggar.hemmetsjournal.se\/anna\/wp-content\/uploads\/sites\/2\/2016\/11\/Lilla-Tuffing-tr\u00f6ja-klar-1.jpg 1127w\" sizes=\"(max-width: 1024px) 100vw, 1024px\" \/><\/p>\n<p>\u00c4rmmuddarna \u00e4r allts\u00e5 extra l\u00e5nga f\u00f6r att de ska kunna fungera som halvvantar och f\u00f6r att man ska kunna tr\u00e4 vantar p\u00e5 h\u00e4nderna utan att tr\u00f6jans mudd \u00e5ker upp. I \u201ds\u00f6mmen\u201d har de ett h\u00e5l f\u00f6r tummen. Vill man ha vanliga muddar \u00e4r det naturligtvis hur l\u00e4tt som helst att g\u00f6ra s\u00e5dana.<\/p>\n<p>Modellen bygger p\u00e5 Tv\u00e5 tr\u00e5d\u00e4ndars-id\u00e9n, och har man ett tillr\u00e4ckligt stort nystan klarar man hela tr\u00f6jan med bara tv\u00e5 tr\u00e5dar att f\u00e4sta efter\u00e5t. Ingrid stickade sin tr\u00f6ja i Fuga Tweed fr\u00e5n J\u00e4rbo.<\/p>\n<p>Jag har sett att ett par (av m\u00e5nga) som har stickat koftan och tr\u00f6jan har f\u00e5tt andra proportioner, s\u00e5 att den har blivit v\u00e4ldigt l\u00e5ngsmal. Sj\u00e4lv stickar jag alltid p\u00e5 \u00f6gonm\u00e5tt och r\u00e4knar n\u00e4r jag tycker att proportionerna \u00e4r bra, och m\u00e4rker du att din tr\u00f6ja &#8221;drar iv\u00e4g&#8221;, s\u00e5 j\u00e4mf\u00f6r den med en l\u00e5ng\u00e4rmad T-shirt och avsluta ok, \u00e4rmar och nederdel n\u00e4r m\u00e5tten st\u00e4mmer.<\/p>\n<p><strong>Storlek?<\/strong> Jag tycker att den borde passa de flesta barn som \u00e4r upp till ett halv\u00e5r gamla. Susanne som provstickade\u00a0originalkoftan provade den p\u00e5 sitt barnbarn som hade kl\u00e4der i 72 cl d\u00e5, och det brukar r\u00e4knas som nio m\u00e5nader.<\/p>\n<p><strong>Garn:<\/strong> J\u00e4rbo Big Verona (eller motsvarande), ett nystan (tr\u00f6jan p\u00e5 bilderna \u00e4r stickad i <a href=\"https:\/\/www.jarbo.se\/artikel\/fuga-tweed\/\">J\u00e4rbo Fuga Tweed<\/a>\u00a0som s\u00e4ljs i 50-gramsnystan, och d\u00e5 \u00e4r det bra att r\u00e4kna med att tre kommer att beh\u00f6vas)<\/p>\n<p><strong>Stickor: <\/strong>4, en rundsticka med mjuk kabel<\/p>\n<p><strong>Dessutom:<\/strong> virkn\u00e5l nummer 4 (eller en storlek upp eller ner &#8212; virkn\u00e5len anv\u00e4nds bara till \u00e4rmarnas &#8221;s\u00f6mmar&#8221;), n\u00e5l att f\u00e4sta garn\u00e4ndar med, knappar, sytr\u00e5d<\/p>\n<p>L\u00e4gg upp 88 m (detta \u00e4r kragens kant).<\/p>\n<p>Varv 1: 5 rm, *2 am, 2 rm*, upprepa fr\u00e5n * till * tills 7 m \u00e5terst\u00e5r, 2 am, 5 rm.<\/p>\n<p>Varv 2: 7 rm, *2 am, 2 rm*, upprepa fr\u00e5n * till * tills 7 m \u00e5terst\u00e5r, 7 rm.<\/p>\n<p>Varv 3, 5, 7: som varv 1.<\/p>\n<p>Varv 4, 6: som varv 2.<\/p>\n<p>Varv 8 (det f\u00f6rsta knapph\u00e5lets f\u00f6rsta halva): som varv 2 tills 7 m \u00e5terst\u00e5r, 3 rm, maska av 2 m, 2 rm.<\/p>\n<p>Varv 9 (det f\u00f6rsta knapph\u00e5lets andra halva): 2 rm, 2 vridna omslag (ers\u00e4tter de avmaskade maskorna), 1 rm, sedan som varv 1.<\/p>\n<p>Forts\u00e4tt sedan med oj\u00e4mna varv som varv 1 och j\u00e4mna varv som varv 2 fram till och med varv 22.<\/p>\n<p>Varv 23 (det andra knapph\u00e5lets f\u00f6rsta halva, och i stickningens andra kant): som varv 1 tills 5 m \u00e5terst\u00e5r, 1 rm, maska av 2 m, 2 rm.<\/p>\n<p>Varv 24 (det andra knapph\u00e5lets andra halva): 2 rm, 2 vridna omslag (ers\u00e4tter de avmaskade maskorna), 1 rm, sedan som varv 2.<\/p>\n<p>Forts\u00e4tt sedan med oj\u00e4mna varv som varv 1 och j\u00e4mna varv som varv 2 fram till och med varv 34.<\/p>\n<p>Nu \u00e4r kragen klar, och det \u00e4r dags att b\u00f6rja p\u00e5 oket. Alla \u00f6kningar \u00e4r gjorda med <a href=\"https:\/\/bloggar.hemmetsjournal.se\/anna\/2017\/hur-gor-man-ett-vridet-omslag\/\">vridna omslag<\/a> (omsl), men \u00f6ka g\u00e4rna p\u00e5 n\u00e5got annat s\u00e4tt som du tycker blir bra, till exempel med Tant Koftas osynliga \u00f6kningar (en lutar \u00e5t v\u00e4nster, den andra \u00e5t h\u00f6ger). Varje \u00f6kningsvarv resulterar i 8 nya m. Knapph\u00e5len hamnar bra med ett mellanrum p\u00e5 14 v, tycker jag, och ett knapph\u00e5l p\u00e5 ena sidan och\u00a0tre knapph\u00e5l p\u00e5 andra blev lagom p\u00e5 tr\u00f6jan p\u00e5 bilden.<\/p>\n<p><img loading=\"lazy\" decoding=\"async\" class=\"size-large wp-image-1239\" src=\"https:\/\/bloggar.hemmetsjournal.se\/anna\/wp-content\/uploads\/sites\/2\/2016\/11\/Lilla-Tuffing-tr\u00f6ja-detalj-792x1024.jpg\" alt=\"OLYMPUS DIGITAL CAMERA\" width=\"792\" height=\"1024\" srcset=\"https:\/\/bloggar.hemmetsjournal.se\/anna\/wp-content\/uploads\/sites\/2\/2016\/11\/Lilla-Tuffing-tr\u00f6ja-detalj-792x1024.jpg 792w, https:\/\/bloggar.hemmetsjournal.se\/anna\/wp-content\/uploads\/sites\/2\/2016\/11\/Lilla-Tuffing-tr\u00f6ja-detalj-232x300.jpg 232w, https:\/\/bloggar.hemmetsjournal.se\/anna\/wp-content\/uploads\/sites\/2\/2016\/11\/Lilla-Tuffing-tr\u00f6ja-detalj-768x993.jpg 768w, https:\/\/bloggar.hemmetsjournal.se\/anna\/wp-content\/uploads\/sites\/2\/2016\/11\/Lilla-Tuffing-tr\u00f6ja-detalj.jpg 821w\" sizes=\"(max-width: 792px) 100vw, 792px\" \/><\/p>\n<p>Varv 35 (f\u00f6rsta \u00f6kningsvarvet): 15 rm (detta blir f\u00f6rsta framstycket), 1 omsl, 1 rm (f\u00f6rsta raglanmaskan), 1 omsl, 16 rm (detta blir f\u00f6rsta \u00e4rmen), 1 omsl, 1 rm (andra raglanmaskan), 1 omsl, 22 rm (ryggstycket), 1 omsl, 1 rm, 1 omsl, 16 rm (andra \u00e4rmen), 1 omsl, 1 rm, 1 omsl, 15 rm (andra framstycket).<\/p>\n<p>Varv 36: 5 rm, am tills 5 m \u00e5terst\u00e5r, 5 rm.<\/p>\n<p>Varv 37 (med f\u00f6rsta halvan av det tredje knapph\u00e5let): *rm fram till raglanmaskan, 1 omsl, 1 rm, 1 omsl*, upprepa detta tre g\u00e5nger, rm tills 5 m \u00e5terst\u00e5r, 1 rm, maska av 2 m, 2 rm.<\/p>\n<p>Varv 38: 2 rm, 2 omsl, 1 rm, am tills 5 m \u00e5terst\u00e5r, 5 rm.<\/p>\n<p>Varv 39: *rm fram till raglanmaskan, 1 omsl, 1 rm, 1 omsl*, upprepa detta tre g\u00e5nger, rm tills 5 m \u00e5terst\u00e5r, 5 rm.<\/p>\n<p>Upprepa varv 36 och 39 tills oket \u00e4r tillr\u00e4ckligt l\u00e5ngt \u2013 jag tyckte att det blev bra att avsluta oket p\u00e5 varv 64. Gl\u00f6m inte att g\u00f6ra knapph\u00e5l med j\u00e4mna mellanrum! Om du vill kan du g\u00f6ra r\u00e4nder p\u00e5 oket genom att sticka\u00a0r\u00e4ta varv fr\u00e5n avigsidan \u2013 Ingrid gjorde dem inte, men p\u00e5 koftan stickade jag\u00a0dem p\u00e5 varv 48, 54 och 60 och stickade raglanmaskorna a.<\/p>\n<p><strong><img loading=\"lazy\" decoding=\"async\" class=\"alignnone size-full wp-image-1371\" src=\"https:\/\/bloggar.hemmetsjournal.se\/anna\/wp-content\/uploads\/sites\/2\/2016\/12\/Miriam-Skagert-3.jpg\" alt=\"miriam-skagert-3\" width=\"960\" height=\"720\" srcset=\"https:\/\/bloggar.hemmetsjournal.se\/anna\/wp-content\/uploads\/sites\/2\/2016\/12\/Miriam-Skagert-3.jpg 960w, https:\/\/bloggar.hemmetsjournal.se\/anna\/wp-content\/uploads\/sites\/2\/2016\/12\/Miriam-Skagert-3-300x225.jpg 300w, https:\/\/bloggar.hemmetsjournal.se\/anna\/wp-content\/uploads\/sites\/2\/2016\/12\/Miriam-Skagert-3-768x576.jpg 768w\" sizes=\"(max-width: 960px) 100vw, 960px\" \/><\/strong><\/p>\n<p><em>Provstickaren Miriam gjorde ett m\u00f6nster &#8212; visst blev det fint? L\u00e4gg m\u00e4rke till att h\u00e4r \u00e4r \u00e4rmarna uppvikta en bra bit och de tv\u00e5 f\u00f6rsta knapparna placerade &#8221;p\u00e5 andra sidan&#8221; (jag placerade bara f\u00f6rsta knappen d\u00e4r).<\/em><\/p>\n<p>Delningsvarvet, stickas fr\u00e5n r\u00e4tsidan (b\u00f6rjan): sticka fram till f\u00f6rsta raglanm, 1 omslag, sticka raglanm r, 1 omslag, sticka fram till andra raglanm, 1 omslag.<\/p>\n<p>V\u00e4nd och sticka sl\u00e4tstickning p\u00e5 den f\u00f6rsta \u00e4rmens m, mellan de tv\u00e5 f\u00f6rsta raglanm (sticka inte sj\u00e4lva raglanm) i 3 v. Detta \u00e4r b\u00f6rjan p\u00e5 den f\u00f6rsta \u00e4rmen, och fr\u00e5n och med nu g\u00f6rs inte fler \u00f6kningar.<\/p>\n<p>Vill du ha en kedja av st\u00f6rre m i kanterna, s\u00e5 att det blir enkelt att virka ihop \u00e4rmen sedan, s\u00e5 sticka sista m p\u00e5 varje v a, v\u00e4nd p\u00e5 stickningen och lyft den r som start p\u00e5 n\u00e4sta v.<\/p>\n<p>\u00c4rmens varv 5 (fr\u00e5n r\u00e4tsidan): 1 r (eller lyft 1:a m), 2 tills, sedan r v ut.<\/p>\n<p>Forts\u00e4tt i sl\u00e4tstickning.<\/p>\n<p>\u00c4rmens varv 9: r tills 3 m \u00e5terst\u00e5r, 2 tills r, sticka sista m (a om du vill lyfta den som start p\u00e5 n\u00e4sta v).<\/p>\n<p>Forts\u00e4tt i sl\u00e4tstickning.<\/p>\n<p>Upprepa v 5 p\u00e5 v 13, 21 osv och varv 9 p\u00e5 v 17, 25 osv.<\/p>\n<p>N\u00e4r \u00e4rmen \u00e4r 76 v l\u00e5ng r\u00e4knat fr\u00e5n sl\u00e4tstickningens b\u00f6rjan vid halsringningen (det \u00e4r l\u00e4ttast att r\u00e4kna d\u00e4rifr\u00e5n, tycker jag) \u00e4r det dags f\u00f6r mudden.<\/p>\n<p>Sticka res\u00e5r med 2 r, 2 a i 22 v.<\/p>\n<p>Maska av i res\u00e5r.<\/p>\n<p>Spara sista m och s\u00e4tt den p\u00e5 en virkn\u00e5l. Vik \u00e4rmen med r\u00e4tsidan in\u00e5t och b\u00f6rja p\u00e5 \u201ds\u00f6mmen\u201d med 3 smygmaskor eller fasta maskor. Virka lika m\u00e5nga i bara den ena kanten (detta blir tumh\u00e5let). Forts\u00e4tt sedan med nedtag i b\u00e5da kanterna upp till delningen. S\u00e4tt m p\u00e5 h\u00f6ger sticka och ta bort virkn\u00e5len.<\/p>\n<p>Delningsvarvet (forts\u00e4ttning): sticka 1 rm (raglanmaskan), g\u00f6r 1 omsl, sticka ryggstyckets m, g\u00f6r 1 omsl, sticka 1 m (raglanmaskan), g\u00f6r 1 omsl, sticka andra \u00e4rmens m, g\u00f6r 1 omsl och sticka sedan denna \u00e4rm likadant som den f\u00f6rsta.<\/p>\n<p>N\u00e4r virkmaskan \u00e4r satt p\u00e5 h\u00f6ger sticka, sticka 1 rm (raglanmaska), g\u00f6r 1 omsl och sticka andra framstycket fram till de 5 sista m.<\/p>\n<p>Nu sticker b\u00e5da \u00e4rmarna ut.<\/p>\n<p><img loading=\"lazy\" decoding=\"async\" class=\"alignnone size-full wp-image-1370\" src=\"https:\/\/bloggar.hemmetsjournal.se\/anna\/wp-content\/uploads\/sites\/2\/2016\/12\/Gun-Britt-Prue-Carlssons-1.jpg\" alt=\"gun-britt-prue-carlssons\" width=\"480\" height=\"300\" srcset=\"https:\/\/bloggar.hemmetsjournal.se\/anna\/wp-content\/uploads\/sites\/2\/2016\/12\/Gun-Britt-Prue-Carlssons-1.jpg 480w, https:\/\/bloggar.hemmetsjournal.se\/anna\/wp-content\/uploads\/sites\/2\/2016\/12\/Gun-Britt-Prue-Carlssons-1-300x188.jpg 300w\" sizes=\"(max-width: 480px) 100vw, 480px\" \/><\/p>\n<p><em>Provstickaren Gun-Britt stickade sin tr\u00f6ja i flerf\u00e4rgat garn.<\/em><\/p>\n<p>Ta loss de\u00a0yttersta 5 m i vardera kanten och l\u00e4gg dem omlott med knapph\u00e5lskanten \u00f6verst \u2013 tr\u00f6jans r\u00e4tsida ska vara ut\u00e5t, och om det beh\u00f6vs kan du dra ut en \u00f6gla av rundstickans kabel n\u00e5gonstans s\u00e5 att det g\u00e5r bra att forma stickningen till en cirkel. Tr\u00e4 upp kantmaskorna p\u00e5 v\u00e4nster sticka s\u00e5 att det blir varannan fr\u00e5n v\u00e4nster kant och varannan fr\u00e5n h\u00f6ger. Sticka dem tv\u00e5 och tv\u00e5, en fr\u00e5n vardera sidan, och forts\u00e4tt sedan med r\u00e4tstickning \u00f6ver framstycke-ryggstycke-framstycke \u2013 nu sitter de ihop, och det \u00e4r bara att flytta kabelns \u00f6gla n\u00e4r det beh\u00f6vs genom att dra ut den p\u00e5 ett annat st\u00e4lle och vrida den till ett kryss s\u00e5 att den inte t\u00f6jer ut n\u00e5gra maskor. Om du vill avsluta knappsprundet lite extra fint kan du sticka am p\u00e5 de 5 m under sprundet p\u00e5 vartannat v ett par g\u00e5nger.<\/p>\n<p>Forts\u00e4tt med sl\u00e4tstickning i 33 v eller s\u00e5 l\u00e5ngt du vill och sticka sedan res\u00e5r med 2 r, 2 a i 14 v. Maska av i res\u00e5r.<\/p>\n<p>F\u00e4st tr\u00e5darna och sy i knappar.<\/p>\n<p>Lilla tuffing-tr\u00f6jan \u00e4r klar \u2013 tack Ingrid, och tack alla ni som provstickade koftan f\u00f6r ett tag sedan och tr\u00f6jan nu!<\/p>\n<p>Om du har m\u00f6jlighet, s\u00e5 visa mottagaren (eller egentligen mottagarens f\u00f6r\u00e4ldrar) att tr\u00f6jan g\u00e5r att anv\u00e4nda med b\u00e5de kn\u00e4ppt och utf\u00e4lld krage och att muddarna kan vikas upp n\u00e4r de inte anv\u00e4nds som halvvantar.<\/p>\n<p>Och skriv g\u00e4rna p\u00e5 ett kort eller en lapp till den lilla tuffingen att det \u00e4r bra att kunna vara tuff n\u00e4r det beh\u00f6vs men att man absolut inte beh\u00f6ver vara det j\u00e4mt. \u00c4nnu viktigare \u00e4n att vara tuff \u00e4r det s\u00e5klart att bry sig om andra!<\/p>\n<p><img loading=\"lazy\" decoding=\"async\" class=\"alignnone size-full wp-image-1369\" src=\"https:\/\/bloggar.hemmetsjournal.se\/anna\/wp-content\/uploads\/sites\/2\/2016\/12\/Ulrica-Danevads-1.jpg\" alt=\"ulrica-danevads\" width=\"528\" height=\"960\" srcset=\"https:\/\/bloggar.hemmetsjournal.se\/anna\/wp-content\/uploads\/sites\/2\/2016\/12\/Ulrica-Danevads-1.jpg 528w, https:\/\/bloggar.hemmetsjournal.se\/anna\/wp-content\/uploads\/sites\/2\/2016\/12\/Ulrica-Danevads-1-165x300.jpg 165w\" sizes=\"(max-width: 528px) 100vw, 528px\" \/><\/p>\n<p><em>Provstickaren Urica gjorde r\u00e4tstickade r\u00e4nder p\u00e5 oket p\u00e5 sin tr\u00f6ja.<\/em><\/p>\n<p>(Som vanligt blir jag glad f\u00f6r bilder, och den h\u00e4r g\u00e5ngen lovar jag att dela med mig av dem till Ingrid ocks\u00e5!)<\/p>\n<p>&nbsp;<\/p>\n","protected":false},"excerpt":{"rendered":"<p>Det \u00e4r klart att man kan g\u00f6ra en tr\u00f6ja av Lilla tuffing-koftan! Det var bara det att det inte blev av f\u00f6r mig \u2026 men\u00a0Ingrid i Simrishamn\u00a0gjorde det, och nu \u00e4r det ganska m\u00e5nga som har provat beskrivningen, s\u00e5 det \u00e4r dags att sl\u00e4ppa ut den i v\u00e4rlden! \u00c4rmmuddarna \u00e4r allts\u00e5 extra l\u00e5nga f\u00f6r att&#8230;<\/p>\n","protected":false},"author":31,"featured_media":0,"comment_status":"closed","ping_status":"closed","sticky":false,"template":"","format":"standard","meta":{"site-sidebar-layout":"default","site-content-layout":"","ast-site-content-layout":"default","site-content-style":"default","site-sidebar-style":"default","ast-global-header-display":"","ast-banner-title-visibility":"","ast-main-header-display":"","ast-hfb-above-header-display":"","ast-hfb-below-header-display":"","ast-hfb-mobile-header-display":"","site-post-title":"","ast-breadcrumbs-content":"","ast-featured-img":"","footer-sml-layout":"","ast-disable-related-posts":"","theme-transparent-header-meta":"","adv-header-id-meta":"","stick-header-meta":"","header-above-stick-meta":"","header-main-stick-meta":"","header-below-stick-meta":"","astra-migrate-meta-layouts":"default","ast-page-background-enabled":"default","ast-page-background-meta":{"desktop":{"background-color":"var(--ast-global-color-4)","background-image":"","background-repeat":"repeat","background-position":"center center","background-size":"auto","background-attachment":"scroll","background-type":"","background-media":"","overlay-type":"","overlay-color":"","overlay-opacity":"","overlay-gradient":""},"tablet":{"background-color":"","background-image":"","background-repeat":"repeat","background-position":"center center","background-size":"auto","background-attachment":"scroll","background-type":"","background-media":"","overlay-type":"","overlay-color":"","overlay-opacity":"","overlay-gradient":""},"mobile":{"background-color":"","background-image":"","background-repeat":"repeat","background-position":"center center","background-size":"auto","background-attachment":"scroll","background-type":"","background-media":"","overlay-type":"","overlay-color":"","overlay-opacity":"","overlay-gradient":""}},"ast-content-background-meta":{"desktop":{"background-color":"var(--ast-global-color-5)","background-image":"","background-repeat":"repeat","background-position":"center center","background-size":"auto","background-attachment":"scroll","background-type":"","background-media":"","overlay-type":"","overlay-color":"","overlay-opacity":"","overlay-gradient":""},"tablet":{"background-color":"var(--ast-global-color-5)","background-image":"","background-repeat":"repeat","background-position":"center center","background-size":"auto","background-attachment":"scroll","background-type":"","background-media":"","overlay-type":"","overlay-color":"","overlay-opacity":"","overlay-gradient":""},"mobile":{"background-color":"var(--ast-global-color-5)","background-image":"","background-repeat":"repeat","background-position":"center center","background-size":"auto","background-attachment":"scroll","background-type":"","background-media":"","overlay-type":"","overlay-color":"","overlay-opacity":"","overlay-gradient":""}},"footnotes":""},"categories":[152,96],"tags":[132,133,54,129,130,131],"class_list":["post-1237","post","type-post","status-publish","format-standard","hentry","category-beskrivningar","category-tva-tradandars","tag-ingrid-ahnelov","tag-jarbo-fuga-tweed","tag-lilla-tuffing","tag-lilla-tuffing-trojan","tag-maskor-stygn","tag-simrishamn"],"_links":{"self":[{"href":"https:\/\/bloggar.hemmetsjournal.se\/anna\/wp-json\/wp\/v2\/posts\/1237"}],"collection":[{"href":"https:\/\/bloggar.hemmetsjournal.se\/anna\/wp-json\/wp\/v2\/posts"}],"about":[{"href":"https:\/\/bloggar.hemmetsjournal.se\/anna\/wp-json\/wp\/v2\/types\/post"}],"author":[{"embeddable":true,"href":"https:\/\/bloggar.hemmetsjournal.se\/anna\/wp-json\/wp\/v2\/users\/31"}],"replies":[{"embeddable":true,"href":"https:\/\/bloggar.hemmetsjournal.se\/anna\/wp-json\/wp\/v2\/comments?post=1237"}],"version-history":[{"count":10,"href":"https:\/\/bloggar.hemmetsjournal.se\/anna\/wp-json\/wp\/v2\/posts\/1237\/revisions"}],"predecessor-version":[{"id":2015,"href":"https:\/\/bloggar.hemmetsjournal.se\/anna\/wp-json\/wp\/v2\/posts\/1237\/revisions\/2015"}],"wp:attachment":[{"href":"https:\/\/bloggar.hemmetsjournal.se\/anna\/wp-json\/wp\/v2\/media?parent=1237"}],"wp:term":[{"taxonomy":"category","embeddable":true,"href":"https:\/\/bloggar.hemmetsjournal.se\/anna\/wp-json\/wp\/v2\/categories?post=1237"},{"taxonomy":"post_tag","embeddable":true,"href":"https:\/\/bloggar.hemmetsjournal.se\/anna\/wp-json\/wp\/v2\/tags?post=1237"}],"curies":[{"name":"wp","href":"https:\/\/api.w.org\/{rel}","templated":true}]}}