{"id":12109,"date":"2019-06-28T08:02:10","date_gmt":"2019-06-28T06:02:10","guid":{"rendered":"https:\/\/bloggar.hemmetsjournal.se\/anna\/?p=12109"},"modified":"2019-06-28T09:14:23","modified_gmt":"2019-06-28T07:14:23","slug":"lagom-varm-startpaket-for-sakra-forlossningar","status":"publish","type":"post","link":"https:\/\/bloggar.hemmetsjournal.se\/anna\/2019\/lagom-varm-startpaket-for-sakra-forlossningar\/","title":{"rendered":"Lagom varm &#8212; startpaket f\u00f6r s\u00e4kra f\u00f6rlossningar"},"content":{"rendered":"\n<figure class=\"wp-block-image\"><img loading=\"lazy\" decoding=\"async\" width=\"1024\" height=\"618\" src=\"https:\/\/bloggar.hemmetsjournal.se\/anna\/wp-content\/uploads\/sites\/2\/2019\/06\/Gandhi-Hospital-Etiopien-1024x618.jpg\" alt=\"\" class=\"wp-image-12110\" srcset=\"https:\/\/bloggar.hemmetsjournal.se\/anna\/wp-content\/uploads\/sites\/2\/2019\/06\/Gandhi-Hospital-Etiopien-1024x618.jpg 1024w, https:\/\/bloggar.hemmetsjournal.se\/anna\/wp-content\/uploads\/sites\/2\/2019\/06\/Gandhi-Hospital-Etiopien-300x181.jpg 300w, https:\/\/bloggar.hemmetsjournal.se\/anna\/wp-content\/uploads\/sites\/2\/2019\/06\/Gandhi-Hospital-Etiopien-768x463.jpg 768w, https:\/\/bloggar.hemmetsjournal.se\/anna\/wp-content\/uploads\/sites\/2\/2019\/06\/Gandhi-Hospital-Etiopien-1536x926.jpg 1536w, https:\/\/bloggar.hemmetsjournal.se\/anna\/wp-content\/uploads\/sites\/2\/2019\/06\/Gandhi-Hospital-Etiopien-1080x651.jpg 1080w, https:\/\/bloggar.hemmetsjournal.se\/anna\/wp-content\/uploads\/sites\/2\/2019\/06\/Gandhi-Hospital-Etiopien-483x291.jpg 483w, https:\/\/bloggar.hemmetsjournal.se\/anna\/wp-content\/uploads\/sites\/2\/2019\/06\/Gandhi-Hospital-Etiopien-360x217.jpg 360w, https:\/\/bloggar.hemmetsjournal.se\/anna\/wp-content\/uploads\/sites\/2\/2019\/06\/Gandhi-Hospital-Etiopien-600x362.jpg 600w, https:\/\/bloggar.hemmetsjournal.se\/anna\/wp-content\/uploads\/sites\/2\/2019\/06\/Gandhi-Hospital-Etiopien-263x159.jpg 263w, https:\/\/bloggar.hemmetsjournal.se\/anna\/wp-content\/uploads\/sites\/2\/2019\/06\/Gandhi-Hospital-Etiopien-24x14.jpg 24w, https:\/\/bloggar.hemmetsjournal.se\/anna\/wp-content\/uploads\/sites\/2\/2019\/06\/Gandhi-Hospital-Etiopien-36x22.jpg 36w, https:\/\/bloggar.hemmetsjournal.se\/anna\/wp-content\/uploads\/sites\/2\/2019\/06\/Gandhi-Hospital-Etiopien-48x29.jpg 48w, https:\/\/bloggar.hemmetsjournal.se\/anna\/wp-content\/uploads\/sites\/2\/2019\/06\/Gandhi-Hospital-Etiopien.jpg 2048w\" sizes=\"(max-width: 1024px) 100vw, 1024px\" \/><figcaption>Annika p\u00e5 bes\u00f6k p\u00e5 Gandhi Hospital i Etiopien. Foto: Human Bridge<\/figcaption><\/figure>\n\n\n\n<p>\u201dMen \u00e4r det inte varmt i Afrika?\u201d<\/p>\n\n\n\n<p>Det\n\u00e4r en fr\u00e5ga som ofta dyker upp n\u00e4r startpaket f\u00f6r nyf\u00f6dda n\u00e4mns. Den stickade\nkoftan och m\u00f6ssan ing\u00e5r alltid, och m\u00e5nga svenskars bild av Afrika \u00e4r att\nv\u00e4dret och klimatet \u00e4r detsamma \u00f6verallt: st\u00e4ndig hetta.<\/p>\n\n\n\n<p>Men\nalla v\u00e4rldens nyf\u00f6dda riskerar att drabbas av hypotermi, allts\u00e5 nedkylning, och\ndet kan leda till bland annat lunginflammation. N\u00e4tterna kan vara kalla \u00e4ven om\ndagarna \u00e4r varma, och en nyf\u00f6dd beh\u00f6ver hj\u00e4lp att h\u00e5lla v\u00e4rmen s\u00e5 fort den\nomgivande luften \u00e4r svalare \u00e4n kroppstemperatur. M\u00f6ssan \u00e4r det viktigaste, men\nkoftan och filten beh\u00f6vs ocks\u00e5.<\/p>\n\n\n\n<p>\u00c4nd\u00e5 \u00e4r hypotermi bara ett av sk\u00e4len till att Human Bridge i Holsbybrunn n\u00e4ra Vetlanda f\u00f6rmedlar ungef\u00e4r 8&nbsp;000 startpaket fr\u00e5n svenska grupper och enskilda ut i v\u00e4rlden varje \u00e5r.<\/p>\n\n\n\n<figure class=\"wp-block-image\"><img loading=\"lazy\" decoding=\"async\" width=\"300\" height=\"300\" src=\"https:\/\/bloggar.hemmetsjournal.se\/anna\/wp-content\/uploads\/sites\/2\/2019\/06\/Annika-Ekholm-Fr\u00f6ding-2-foto-Human-Bridge.jpg\" alt=\"\" class=\"wp-image-12111\" srcset=\"https:\/\/bloggar.hemmetsjournal.se\/anna\/wp-content\/uploads\/sites\/2\/2019\/06\/Annika-Ekholm-Fr\u00f6ding-2-foto-Human-Bridge.jpg 300w, https:\/\/bloggar.hemmetsjournal.se\/anna\/wp-content\/uploads\/sites\/2\/2019\/06\/Annika-Ekholm-Fr\u00f6ding-2-foto-Human-Bridge-150x150.jpg 150w, https:\/\/bloggar.hemmetsjournal.se\/anna\/wp-content\/uploads\/sites\/2\/2019\/06\/Annika-Ekholm-Fr\u00f6ding-2-foto-Human-Bridge-263x263.jpg 263w, https:\/\/bloggar.hemmetsjournal.se\/anna\/wp-content\/uploads\/sites\/2\/2019\/06\/Annika-Ekholm-Fr\u00f6ding-2-foto-Human-Bridge-24x24.jpg 24w, https:\/\/bloggar.hemmetsjournal.se\/anna\/wp-content\/uploads\/sites\/2\/2019\/06\/Annika-Ekholm-Fr\u00f6ding-2-foto-Human-Bridge-36x36.jpg 36w, https:\/\/bloggar.hemmetsjournal.se\/anna\/wp-content\/uploads\/sites\/2\/2019\/06\/Annika-Ekholm-Fr\u00f6ding-2-foto-Human-Bridge-48x48.jpg 48w\" sizes=\"(max-width: 300px) 100vw, 300px\" \/><figcaption>Annika Ekholm Fr\u00f6ding. Foto: Human Bridge<\/figcaption><\/figure>\n\n\n\n<h4 class=\"wp-block-heading\">Basutrustning<\/h4>\n\n\n\n<p>\u2013\nDet \u00e4r inte bara ett startpaket till ett barn, s\u00e4ger Annika Ekholm Fr\u00f6ding.<\/p>\n\n\n\n<p>Hon\n\u00e4r chef f\u00f6r sjukv\u00e5rds- och bist\u00e5ndsmaterial p\u00e5 Human Bridge och leder tekniker,\nsjuksk\u00f6terskor och undersk\u00f6terskor i arbetet p\u00e5 dep\u00e5n.<\/p>\n\n\n\n<p>\u2013\nMitt ansvar \u00e4r att se till att r\u00e4tt material kommer till r\u00e4tt mottagare och att\nlogistiken fungerar med exportdokument och annat, ber\u00e4ttar hon. Jag har kontakt\nmed dem som sk\u00e4nker material hit \u2013 det \u00e4r sjukhus, andra v\u00e5rdinstanser,\nmedicinska f\u00f6retag och privatpersoner \u2013 och med L\u00e4kemedelsverket. Och s\u00e5 har\njag kontakt med mottagarna. <\/p>\n\n\n\n<p>Mottagarna\n\u00e4r sjukhus och andra v\u00e5rdinstanser i Mellan\u00f6stern, \u00d6steuropa och Afrika. Annika\nEkholm Fr\u00f6ding arbetar mest i Holsbybrunn men reser ibland f\u00f6r att tr\u00e4ffa gamla\noch nya t\u00e4nkbara mottagare, s\u00e5 hon har sett sjukv\u00e5rdsutrustning fr\u00e5n Sverige i\nfunktion i en rad l\u00e4nder.<\/p>\n\n\n\n<p>\u2013 Vi ser stor skillnad om de har f\u00e5tt ett par s\u00e4ndningar. D\u00e5 har de basutrustningen: s\u00e4ngar, unders\u00f6kningsmaterial, EKG, ultraljud och rullstolar \u2013 och d\u00e5 kan de k\u00f6pa in den mer avancerade utrustningen sj\u00e4lva och v\u00e4lja de modeller som passar i deras klimat.<\/p>\n\n\n\n<figure class=\"wp-block-image\"><img loading=\"lazy\" decoding=\"async\" width=\"1024\" height=\"682\" src=\"https:\/\/bloggar.hemmetsjournal.se\/anna\/wp-content\/uploads\/sites\/2\/2019\/06\/DSC00729-1024x682.jpg\" alt=\"\" class=\"wp-image-12112\" srcset=\"https:\/\/bloggar.hemmetsjournal.se\/anna\/wp-content\/uploads\/sites\/2\/2019\/06\/DSC00729-1024x682.jpg 1024w, https:\/\/bloggar.hemmetsjournal.se\/anna\/wp-content\/uploads\/sites\/2\/2019\/06\/DSC00729-300x200.jpg 300w, https:\/\/bloggar.hemmetsjournal.se\/anna\/wp-content\/uploads\/sites\/2\/2019\/06\/DSC00729-768x511.jpg 768w, https:\/\/bloggar.hemmetsjournal.se\/anna\/wp-content\/uploads\/sites\/2\/2019\/06\/DSC00729-1536x1022.jpg 1536w, https:\/\/bloggar.hemmetsjournal.se\/anna\/wp-content\/uploads\/sites\/2\/2019\/06\/DSC00729-1074x715.jpg 1074w, https:\/\/bloggar.hemmetsjournal.se\/anna\/wp-content\/uploads\/sites\/2\/2019\/06\/DSC00729-483x321.jpg 483w, https:\/\/bloggar.hemmetsjournal.se\/anna\/wp-content\/uploads\/sites\/2\/2019\/06\/DSC00729-360x240.jpg 360w, https:\/\/bloggar.hemmetsjournal.se\/anna\/wp-content\/uploads\/sites\/2\/2019\/06\/DSC00729-600x399.jpg 600w, https:\/\/bloggar.hemmetsjournal.se\/anna\/wp-content\/uploads\/sites\/2\/2019\/06\/DSC00729-263x175.jpg 263w, https:\/\/bloggar.hemmetsjournal.se\/anna\/wp-content\/uploads\/sites\/2\/2019\/06\/DSC00729-24x16.jpg 24w, https:\/\/bloggar.hemmetsjournal.se\/anna\/wp-content\/uploads\/sites\/2\/2019\/06\/DSC00729-36x24.jpg 36w, https:\/\/bloggar.hemmetsjournal.se\/anna\/wp-content\/uploads\/sites\/2\/2019\/06\/DSC00729-48x32.jpg 48w, https:\/\/bloggar.hemmetsjournal.se\/anna\/wp-content\/uploads\/sites\/2\/2019\/06\/DSC00729.jpg 2048w\" sizes=\"(max-width: 1024px) 100vw, 1024px\" \/><figcaption>Komplett paket. Foto: Human Bridge<\/figcaption><\/figure>\n\n\n\n<h4 class=\"wp-block-heading\">Rykte\nom fint paket<\/h4>\n\n\n\n<p>N\u00e4stan\n\u00f6verallt f\u00f6ljer startpaketen f\u00f6r nyf\u00f6dda med. De kan pressas in mellan h\u00e5rda\ns\u00e4ngar och apparater i containrarna, s\u00e5 fraktkostnaden \u00e4r f\u00f6rsumbar. Men p\u00e5 de\nsjukhus d\u00e4r paketen anv\u00e4nds \u00e4r de v\u00e4rda minst lika mycket som avancerad\nmedicinsk utrustning.<\/p>\n\n\n\n<p>\u2013\nJag var p\u00e5 en liten klinik i Kongo \u2013 de hade ingen l\u00e4kare och inga utbildade\nbarnmorskor, bara sjuksk\u00f6terskor, ber\u00e4ttar Annika Ekholm Fr\u00f6ding. Sju barn hade\nd\u00e4r f\u00f6tts natten f\u00f6re, och mammorna var verkligen f\u00f6rtjusta \u00f6ver paketen.<\/p>\n\n\n\n<p>Tanken\nmed ett paket \u00e4r inte att det ska vara komplett utan att det ska inneh\u00e5lla\ns\u00e5dant som beh\u00f6vs, och inneh\u00e5llet \u00e4r alltid ungef\u00e4r detsamma. I omr\u00e5den d\u00e4r det\n\u00e4r stora problem med f\u00f6rlossningsskador vid hemf\u00f6rlossningar g\u00f6r ryktet om fina\npaket att mammorna s\u00f6ker sig till sjukhuset i tid, och chanserna att mor och\nbarn ska \u00f6verleva och klara sig utan men blir mycket st\u00f6rre. P\u00e5 det viset kan\nhela familjer r\u00e4ddas \u2013 f\u00f6r n\u00e4r en mamma blir skadad kan det inneb\u00e4ra att\nfamiljen splittras.<\/p>\n\n\n\n<p>\u2013 Det \u00e4r viktigt att det blir r\u00e4ttvist, att inneh\u00e5llet i paketen \u00e4r ungef\u00e4r detsamma, s\u00e4ger Annika Ekholm Fr\u00f6ding. Men vi brukar inte s\u00e4ga s\u00e5 mycket om material och f\u00e4rger till v\u00e5ra givare.&nbsp; Det som vi f\u00e5r \u00e4r s\u00e5 fint! Och p\u00e5 ett st\u00e4lle d\u00e4r jag var hade n\u00e5gra kvinnor som fick rehabilitering efter att ha blivit v\u00e5ldtagna b\u00f6rjat g\u00f6ra egna babysaker att s\u00e4lja p\u00e5 marknaden. De stickade och sydde, och n\u00e5gra kokade tv\u00e5l. Babypaketen som de hade f\u00e5tt inspirerade dem att bli egna f\u00f6retagare!<br>****<\/p>\n\n\n\n<h4 class=\"wp-block-heading\">Inneh\u00e5llet i ett babypaket<\/h4>\n\n\n\n<p>filt (minst 70\u00d780 centimeter)<br>frott\u00e9handduk<br>tv\u00e4ttlapp<br>barntv\u00e5l (ej flytande)<br>tre tygbl\u00f6jor i bomullstyg (70\u00d770 centimeter)<br>tv\u00e5 bodys stl 56-68 eller skjortor\/tr\u00f6jor och byxor (helst m\u00f6nstrade eller i f\u00e4rg)<br>tr\u00f6ja eller kofta<br>m\u00f6ssa i samma storlek som \u00f6vriga kl\u00e4der<br>sockor<\/p>\n\n\n\n<p>fyra s\u00e4kerhetsn\u00e5lar till tygbl\u00f6jorna<br>Allt utom s\u00e4kerhetsn\u00e5larna l\u00e4ggs p\u00e5 filten som viks till ett paket&nbsp;och f\u00e4sts ihop&nbsp;med n\u00e5larna.<\/p>\n\n\n\n<p>Paketet m\u00e4rks med \u201dBabypaket\u201d och l\u00e4mnas till\npersonalen p\u00e5 n\u00e5gon av<br>\n<a href=\"https:\/\/www.humanbridge.se\/kontakt\/\">Human Bridges dep\u00e5er<\/a>&nbsp;eller skickas direkt\ntill&nbsp;huvudkontoret i Holsbybrunn (Human Bridge, Bergmossev\u00e4gen 8, 574 53\nHolsbybrunn).<\/p>\n\n\n\n<h4 class=\"wp-block-heading\">Human Bridge<\/h4>\n\n\n\n<p>Erikshj\u00e4lpen, L\u00e4karmissionen och Human\nBridge samarbetar n\u00e4ra \u2013 Human Bridge \u00e4r den organisation som har hand om\nmaterialbist\u00e5nd och levererar fr\u00e4mst sjukv\u00e5rdsutrustning till v\u00e5rdinr\u00e4ttningar\ni Afrika, Mellan\u00f6stern och \u00d6steuropa.<\/p>\n\n\n\n<h4 class=\"wp-block-heading\">F\u00f6rlossningspaket<\/h4>\n\n\n\n<p>Human Bridge levererar ocks\u00e5 f\u00f6rlossningspaket till m\u00e5nga sjukhus. Ett s\u00e5dant paket inneh\u00e5ller den utrustning som beh\u00f6vs vid en vanlig f\u00f6rlossning, bland annat tv\u00e4ttfat, gr\u00f6na dukar, lur att lyssna med och t\u00e5ng f\u00f6r navelstr\u00e4ngen. Inneh\u00e5llet i f\u00f6rlossningspaketen reng\u00f6rs och \u00e5teranv\u00e4nds m\u00e5nga g\u00e5nger.<\/p>\n\n\n\n<p>_______<\/p>\n\n\n\n<p>Den h\u00e4r intervjun har tidigare publicerats i Lunds Missionss\u00e4llskaps tidskrift Uppdrag Mission, i ett nummer om kvinnors h\u00e4lsa i v\u00e4rlden.<\/p>\n","protected":false},"excerpt":{"rendered":"<p>\u201dMen \u00e4r det inte varmt i Afrika?\u201d Det \u00e4r en fr\u00e5ga som ofta dyker upp n\u00e4r startpaket f\u00f6r nyf\u00f6dda n\u00e4mns. Den stickade koftan och m\u00f6ssan ing\u00e5r alltid, och m\u00e5nga svenskars bild av Afrika \u00e4r att v\u00e4dret och klimatet \u00e4r detsamma \u00f6verallt: st\u00e4ndig hetta. Men alla v\u00e4rldens nyf\u00f6dda riskerar att drabbas av hypotermi, allts\u00e5 nedkylning, och&#8230;<\/p>\n","protected":false},"author":31,"featured_media":0,"comment_status":"closed","ping_status":"closed","sticky":false,"template":"","format":"standard","meta":{"site-sidebar-layout":"default","site-content-layout":"","ast-site-content-layout":"default","site-content-style":"default","site-sidebar-style":"default","ast-global-header-display":"","ast-banner-title-visibility":"","ast-main-header-display":"","ast-hfb-above-header-display":"","ast-hfb-below-header-display":"","ast-hfb-mobile-header-display":"","site-post-title":"","ast-breadcrumbs-content":"","ast-featured-img":"","footer-sml-layout":"","ast-disable-related-posts":"","theme-transparent-header-meta":"","adv-header-id-meta":"","stick-header-meta":"","header-above-stick-meta":"","header-main-stick-meta":"","header-below-stick-meta":"","astra-migrate-meta-layouts":"default","ast-page-background-enabled":"default","ast-page-background-meta":{"desktop":{"background-color":"var(--ast-global-color-4)","background-image":"","background-repeat":"repeat","background-position":"center center","background-size":"auto","background-attachment":"scroll","background-type":"","background-media":"","overlay-type":"","overlay-color":"","overlay-opacity":"","overlay-gradient":""},"tablet":{"background-color":"","background-image":"","background-repeat":"repeat","background-position":"center center","background-size":"auto","background-attachment":"scroll","background-type":"","background-media":"","overlay-type":"","overlay-color":"","overlay-opacity":"","overlay-gradient":""},"mobile":{"background-color":"","background-image":"","background-repeat":"repeat","background-position":"center center","background-size":"auto","background-attachment":"scroll","background-type":"","background-media":"","overlay-type":"","overlay-color":"","overlay-opacity":"","overlay-gradient":""}},"ast-content-background-meta":{"desktop":{"background-color":"var(--ast-global-color-5)","background-image":"","background-repeat":"repeat","background-position":"center center","background-size":"auto","background-attachment":"scroll","background-type":"","background-media":"","overlay-type":"","overlay-color":"","overlay-opacity":"","overlay-gradient":""},"tablet":{"background-color":"var(--ast-global-color-5)","background-image":"","background-repeat":"repeat","background-position":"center center","background-size":"auto","background-attachment":"scroll","background-type":"","background-media":"","overlay-type":"","overlay-color":"","overlay-opacity":"","overlay-gradient":""},"mobile":{"background-color":"var(--ast-global-color-5)","background-image":"","background-repeat":"repeat","background-position":"center center","background-size":"auto","background-attachment":"scroll","background-type":"","background-media":"","overlay-type":"","overlay-color":"","overlay-opacity":"","overlay-gradient":""}},"footnotes":""},"categories":[281,244,1],"tags":[31,32,25,148,30],"class_list":["post-12109","post","type-post","status-publish","format-standard","hentry","category-etiopien","category-startpaket-for-nyfodda","category-uncategorized","tag-babypaket","tag-erikshjalpen","tag-human-bridge","tag-lakarmissionen","tag-startpaket"],"_links":{"self":[{"href":"https:\/\/bloggar.hemmetsjournal.se\/anna\/wp-json\/wp\/v2\/posts\/12109"}],"collection":[{"href":"https:\/\/bloggar.hemmetsjournal.se\/anna\/wp-json\/wp\/v2\/posts"}],"about":[{"href":"https:\/\/bloggar.hemmetsjournal.se\/anna\/wp-json\/wp\/v2\/types\/post"}],"author":[{"embeddable":true,"href":"https:\/\/bloggar.hemmetsjournal.se\/anna\/wp-json\/wp\/v2\/users\/31"}],"replies":[{"embeddable":true,"href":"https:\/\/bloggar.hemmetsjournal.se\/anna\/wp-json\/wp\/v2\/comments?post=12109"}],"version-history":[{"count":3,"href":"https:\/\/bloggar.hemmetsjournal.se\/anna\/wp-json\/wp\/v2\/posts\/12109\/revisions"}],"predecessor-version":[{"id":12115,"href":"https:\/\/bloggar.hemmetsjournal.se\/anna\/wp-json\/wp\/v2\/posts\/12109\/revisions\/12115"}],"wp:attachment":[{"href":"https:\/\/bloggar.hemmetsjournal.se\/anna\/wp-json\/wp\/v2\/media?parent=12109"}],"wp:term":[{"taxonomy":"category","embeddable":true,"href":"https:\/\/bloggar.hemmetsjournal.se\/anna\/wp-json\/wp\/v2\/categories?post=12109"},{"taxonomy":"post_tag","embeddable":true,"href":"https:\/\/bloggar.hemmetsjournal.se\/anna\/wp-json\/wp\/v2\/tags?post=12109"}],"curies":[{"name":"wp","href":"https:\/\/api.w.org\/{rel}","templated":true}]}}