{"id":12092,"date":"2019-07-06T12:19:42","date_gmt":"2019-07-06T10:19:42","guid":{"rendered":"https:\/\/bloggar.hemmetsjournal.se\/anna\/?p=12092"},"modified":"2019-07-06T13:08:33","modified_gmt":"2019-07-06T11:08:33","slug":"for-alla-som-alskar-jugendstilen","status":"publish","type":"post","link":"https:\/\/bloggar.hemmetsjournal.se\/anna\/2019\/for-alla-som-alskar-jugendstilen\/","title":{"rendered":"F\u00f6r alla som \u00e4lskar jugendstilen"},"content":{"rendered":"\n<figure class=\"wp-block-image\"><img loading=\"lazy\" decoding=\"async\" width=\"960\" height=\"720\" src=\"https:\/\/bloggar.hemmetsjournal.se\/anna\/wp-content\/uploads\/sites\/2\/2019\/06\/Riga-3.jpg\" alt=\"\" class=\"wp-image-12093\" srcset=\"https:\/\/bloggar.hemmetsjournal.se\/anna\/wp-content\/uploads\/sites\/2\/2019\/06\/Riga-3.jpg 960w, https:\/\/bloggar.hemmetsjournal.se\/anna\/wp-content\/uploads\/sites\/2\/2019\/06\/Riga-3-300x225.jpg 300w, https:\/\/bloggar.hemmetsjournal.se\/anna\/wp-content\/uploads\/sites\/2\/2019\/06\/Riga-3-768x576.jpg 768w, https:\/\/bloggar.hemmetsjournal.se\/anna\/wp-content\/uploads\/sites\/2\/2019\/06\/Riga-3-953x715.jpg 953w, https:\/\/bloggar.hemmetsjournal.se\/anna\/wp-content\/uploads\/sites\/2\/2019\/06\/Riga-3-483x362.jpg 483w, https:\/\/bloggar.hemmetsjournal.se\/anna\/wp-content\/uploads\/sites\/2\/2019\/06\/Riga-3-360x270.jpg 360w, https:\/\/bloggar.hemmetsjournal.se\/anna\/wp-content\/uploads\/sites\/2\/2019\/06\/Riga-3-600x450.jpg 600w, https:\/\/bloggar.hemmetsjournal.se\/anna\/wp-content\/uploads\/sites\/2\/2019\/06\/Riga-3-263x197.jpg 263w, https:\/\/bloggar.hemmetsjournal.se\/anna\/wp-content\/uploads\/sites\/2\/2019\/06\/Riga-3-24x18.jpg 24w, https:\/\/bloggar.hemmetsjournal.se\/anna\/wp-content\/uploads\/sites\/2\/2019\/06\/Riga-3-36x27.jpg 36w, https:\/\/bloggar.hemmetsjournal.se\/anna\/wp-content\/uploads\/sites\/2\/2019\/06\/Riga-3-48x36.jpg 48w\" sizes=\"(max-width: 960px) 100vw, 960px\" \/><figcaption>Inte undra p\u00e5 att detta \u00e4r ett av Rigas mest fotograferade trapphus. Foto: Sassa Hiatt<\/figcaption><\/figure>\n\n\n\n<p>Om jag har f\u00f6rst\u00e5tt begreppet <em>abstract greed<\/em> r\u00e4tt &#8212; som &#8221;att verkligen vilja ha n\u00e5got men inte ha n\u00e5gon realistisk plan f\u00f6r hur anskaffandet ska g\u00e5 till&#8221; &#8212; s\u00e5 \u00e4r det <em>abstract greed<\/em> som drabbar mig n\u00e4r jag ser jugendl\u00e4genheter. I Malm\u00f6 d\u00e4r jag bor finns det ganska m\u00e5nga s\u00e5dana byggnader, till exempel vid Drottningtorget. Den som fick bo s\u00e5!<\/p>\n\n\n\n<p>N\u00e4r jag var i <strong>Riga <\/strong>i maj tog <strong>Sassa <\/strong>och <strong>Ita <\/strong>med mig till <a href=\"https:\/\/www.jugendstils.riga.lv\/eng\/muzejs\">Riga Art Noveau Museum<\/a> (p\u00e5 lettiska heter jugendstil <em>jugendstils <\/em>och museet <em>Muzejs &#8221;Rigas Jugenstila Centrs&#8221; <\/em>&#8212; l\u00e4tt att f\u00f6rst\u00e5 eller hur? Annars \u00e4r lettiska inte precis sj\u00e4lvklart f\u00f6r mig). Det ligger p\u00e5 Alberta iela 12 (entr\u00e9n ligger p\u00e5 Str\u0113lnieku iela), allts\u00e5 mitt i den del av Riga som brukar kallas jugendstaden.<\/p>\n\n\n\n<figure class=\"wp-block-image\"><img loading=\"lazy\" decoding=\"async\" width=\"660\" height=\"646\" src=\"https:\/\/bloggar.hemmetsjournal.se\/anna\/wp-content\/uploads\/sites\/2\/2019\/07\/bfoto-4.jpg\" alt=\"\" class=\"wp-image-12166\" srcset=\"https:\/\/bloggar.hemmetsjournal.se\/anna\/wp-content\/uploads\/sites\/2\/2019\/07\/bfoto-4.jpg 660w, https:\/\/bloggar.hemmetsjournal.se\/anna\/wp-content\/uploads\/sites\/2\/2019\/07\/bfoto-4-300x294.jpg 300w, https:\/\/bloggar.hemmetsjournal.se\/anna\/wp-content\/uploads\/sites\/2\/2019\/07\/bfoto-4-483x473.jpg 483w, https:\/\/bloggar.hemmetsjournal.se\/anna\/wp-content\/uploads\/sites\/2\/2019\/07\/bfoto-4-360x352.jpg 360w, https:\/\/bloggar.hemmetsjournal.se\/anna\/wp-content\/uploads\/sites\/2\/2019\/07\/bfoto-4-600x587.jpg 600w, https:\/\/bloggar.hemmetsjournal.se\/anna\/wp-content\/uploads\/sites\/2\/2019\/07\/bfoto-4-263x257.jpg 263w, https:\/\/bloggar.hemmetsjournal.se\/anna\/wp-content\/uploads\/sites\/2\/2019\/07\/bfoto-4-24x24.jpg 24w, https:\/\/bloggar.hemmetsjournal.se\/anna\/wp-content\/uploads\/sites\/2\/2019\/07\/bfoto-4-36x36.jpg 36w, https:\/\/bloggar.hemmetsjournal.se\/anna\/wp-content\/uploads\/sites\/2\/2019\/07\/bfoto-4-48x48.jpg 48w\" sizes=\"(max-width: 660px) 100vw, 660px\" \/><figcaption>Rigas jugendbyggnader. Bild l\u00e5nad fr\u00e5n Riga Art Noveau Museums webbplats<\/figcaption><\/figure>\n\n\n\n<p>Ungef\u00e4r en tredjedel av husen i centrala Riga \u00e4r byggda i jugendstil, och det beror p\u00e5 att det var enormt mycket pengar i omlopp d\u00e4r under 1900-talets tv\u00e5 f\u00f6rsta decennier och att stadens inv\u00e5narantal hade vuxit mycket snabbt. Murarna runt den medeltida stadsk\u00e4rnan, den som brukar kallas Gamla stan, hade rivits, och stadsplanerarna hade ritat upp raka gator och boulevarder i ett rutsystem.<\/p>\n\n\n\n<p> Guider tar med sina grupper till vissa v\u00e4ldigt s\u00e4rskilda hus, till exempel den byggnad d\u00e4r Handelsh\u00f6gskolan i Stockholm har sin Riga-filial, och man kan uppfatta det som att det \u00e4r n\u00e5gra kvarter som \u00e4r jugendkvarter, men det finns m\u00e5nga fler byggnader ritade av samma arkitekter under samma period. Det finns faktiskt till och med jugendbyggnader inne i Gamla stan.<\/p>\n\n\n\n<p>N\u00e4r vi stod i k\u00e4llaren och tittade p\u00e5 den elektroniska utst\u00e4llningen om allt det sa Ita n\u00e5got som \u00e4r s\u00e5 viktigt att komma ih\u00e5g n\u00e4r man h\u00e5ller p\u00e5 att bli fascinerad av en f\u00f6rg\u00e5ngen tids byggnadsstil eller kl\u00e4dstil eller matlagning eller n\u00e5got annat: att det var v\u00e4ldigt m\u00e5nga Rigabor som aldrig var i n\u00e4rheten av att kunna bo s\u00e5 eller arbeta i s\u00e5dana byggnader. Riga Art Noveau Museum \u00e4r ett museum som visar ett hem under den h\u00e4r perioden, och n\u00e4r man ser det borde man ocks\u00e5 se ett par tre andra hem fr\u00e5n samma period, kanske en \u00e5terskapad l\u00e4genhet d\u00e4r ett stadsbud eller en hantverkare och hans familj bodde, och absolut en lantbrukarfamiljs hem. Jag vet inte om s\u00e5dana museer finns, men f\u00f6re n\u00e4sta resa ska jag absolut fr\u00e5ga! Lantbrukarhem borde ju kunna finnas p\u00e5 friluftsmuseet.<\/p>\n\n\n\n<figure class=\"wp-block-image\"><img loading=\"lazy\" decoding=\"async\" width=\"400\" height=\"566\" src=\"https:\/\/bloggar.hemmetsjournal.se\/anna\/wp-content\/uploads\/sites\/2\/2019\/07\/foto-559.jpg\" alt=\"\" class=\"wp-image-12164\" srcset=\"https:\/\/bloggar.hemmetsjournal.se\/anna\/wp-content\/uploads\/sites\/2\/2019\/07\/foto-559.jpg 400w, https:\/\/bloggar.hemmetsjournal.se\/anna\/wp-content\/uploads\/sites\/2\/2019\/07\/foto-559-212x300.jpg 212w, https:\/\/bloggar.hemmetsjournal.se\/anna\/wp-content\/uploads\/sites\/2\/2019\/07\/foto-559-353x500.jpg 353w, https:\/\/bloggar.hemmetsjournal.se\/anna\/wp-content\/uploads\/sites\/2\/2019\/07\/foto-559-358x506.jpg 358w, https:\/\/bloggar.hemmetsjournal.se\/anna\/wp-content\/uploads\/sites\/2\/2019\/07\/foto-559-186x263.jpg 186w, https:\/\/bloggar.hemmetsjournal.se\/anna\/wp-content\/uploads\/sites\/2\/2019\/07\/foto-559-17x24.jpg 17w, https:\/\/bloggar.hemmetsjournal.se\/anna\/wp-content\/uploads\/sites\/2\/2019\/07\/foto-559-25x36.jpg 25w, https:\/\/bloggar.hemmetsjournal.se\/anna\/wp-content\/uploads\/sites\/2\/2019\/07\/foto-559-34x48.jpg 34w\" sizes=\"(max-width: 400px) 100vw, 400px\" \/><figcaption>F\u00f6r en m\u00e5nad sedan firades jugenddagen p\u00e5 olika h\u00e5ll i v\u00e4rlden. Museet i Riga deltog. Bild l\u00e5nad fr\u00e5n museets webbplats<\/figcaption><\/figure>\n\n\n\n<p>Det som \u00e4r speciellt med Rigas jugendhus \u00e4r att s\u00e5 m\u00e5nga av dem \u00e4r ritade av lettiska arkitekter eller i alla fall av arkitekter som var bosatta i Lettland &#8212; som jag f\u00f6rstod det var en av letterna den store vision\u00e4ren, och medarbetarna p\u00e5 hans arkitektkontor tog till sig id\u00e9erna och utvecklade dem, och andra arkitekter blev ocks\u00e5 inspirerade. Det var mycket tack vare att Lettland hade f\u00e5tt en egen arkitekth\u00f6gskola i slutet av 1860-talet som det fanns s\u00e5 m\u00e5nga som kunde ta sig an uppdragen. <\/p>\n\n\n\n<p>Den stora v\u00e5gen h\u00f6ll i sig i ungef\u00e4r tio \u00e5r, och under den tiden hanns det med fyra perioder: den eklektiska, den r\u00e4tvinkliga (kan det heta s\u00e5? Vi tittade och diskuterade vad det kunde vara som k\u00e4nnetecknade den \u2026 men nu har jag l\u00e4rt mig att det \u00e4r det faktum att fasaden speglar husets inneh\u00e5ll och markerar b\u00e5de de horisontella och de vertikala linjer som ett hus har inuti), den nationalromantiska och den neoklassiska. <\/p>\n\n\n\n<figure class=\"wp-block-image\"><img loading=\"lazy\" decoding=\"async\" width=\"960\" height=\"720\" src=\"https:\/\/bloggar.hemmetsjournal.se\/anna\/wp-content\/uploads\/sites\/2\/2019\/06\/Riga-7.jpg\" alt=\"\" class=\"wp-image-12094\" srcset=\"https:\/\/bloggar.hemmetsjournal.se\/anna\/wp-content\/uploads\/sites\/2\/2019\/06\/Riga-7.jpg 960w, https:\/\/bloggar.hemmetsjournal.se\/anna\/wp-content\/uploads\/sites\/2\/2019\/06\/Riga-7-300x225.jpg 300w, https:\/\/bloggar.hemmetsjournal.se\/anna\/wp-content\/uploads\/sites\/2\/2019\/06\/Riga-7-768x576.jpg 768w, https:\/\/bloggar.hemmetsjournal.se\/anna\/wp-content\/uploads\/sites\/2\/2019\/06\/Riga-7-953x715.jpg 953w, https:\/\/bloggar.hemmetsjournal.se\/anna\/wp-content\/uploads\/sites\/2\/2019\/06\/Riga-7-483x362.jpg 483w, https:\/\/bloggar.hemmetsjournal.se\/anna\/wp-content\/uploads\/sites\/2\/2019\/06\/Riga-7-360x270.jpg 360w, https:\/\/bloggar.hemmetsjournal.se\/anna\/wp-content\/uploads\/sites\/2\/2019\/06\/Riga-7-600x450.jpg 600w, https:\/\/bloggar.hemmetsjournal.se\/anna\/wp-content\/uploads\/sites\/2\/2019\/06\/Riga-7-263x197.jpg 263w, https:\/\/bloggar.hemmetsjournal.se\/anna\/wp-content\/uploads\/sites\/2\/2019\/06\/Riga-7-24x18.jpg 24w, https:\/\/bloggar.hemmetsjournal.se\/anna\/wp-content\/uploads\/sites\/2\/2019\/06\/Riga-7-36x27.jpg 36w, https:\/\/bloggar.hemmetsjournal.se\/anna\/wp-content\/uploads\/sites\/2\/2019\/06\/Riga-7-48x36.jpg 48w\" sizes=\"(max-width: 960px) 100vw, 960px\" \/><figcaption>Det finns golv som man knappt n\u00e4nns g\u00e5 p\u00e5. Foto: Sassa Hiatt<\/figcaption><\/figure>\n\n\n\n<p>De allra flesta jugendbyggnaderna byggdes som l\u00e4genhetshus, och s\u00e5dana fick vara h\u00f6gst sex v\u00e5ningar h\u00f6ga. I en f\u00f6rort finns det enfamiljshus ocks\u00e5.<\/p>\n\n\n\n<p>B\u00e5de utanp\u00e5 och inuti skulle det vara mycket tydligt vad arkitekten ville. Det finns s\u00e4kert olika lyxighetsgrad bland de m\u00e5nga husen, och jag vet inte riktigt p\u00e5 vilken niv\u00e5 det hus som har blivit museum befinner sig, men det h\u00e4r golvet kan vara n\u00e5got av det vackraste jag har sett.<\/p>\n\n\n\n<p>M\u00e5nga av de speciella saker som beh\u00f6vdes till byggena &#8212; blyinfattade bildf\u00f6nster, kakelugnar, skulpturer &#8212; tillverkades i Lettland.<\/p>\n\n\n\n<figure class=\"wp-block-image\"><img loading=\"lazy\" decoding=\"async\" width=\"720\" height=\"960\" src=\"https:\/\/bloggar.hemmetsjournal.se\/anna\/wp-content\/uploads\/sites\/2\/2019\/06\/Riga-8.jpg\" alt=\"\" class=\"wp-image-12095\" srcset=\"https:\/\/bloggar.hemmetsjournal.se\/anna\/wp-content\/uploads\/sites\/2\/2019\/06\/Riga-8.jpg 720w, https:\/\/bloggar.hemmetsjournal.se\/anna\/wp-content\/uploads\/sites\/2\/2019\/06\/Riga-8-225x300.jpg 225w, https:\/\/bloggar.hemmetsjournal.se\/anna\/wp-content\/uploads\/sites\/2\/2019\/06\/Riga-8-536x715.jpg 536w, https:\/\/bloggar.hemmetsjournal.se\/anna\/wp-content\/uploads\/sites\/2\/2019\/06\/Riga-8-375x500.jpg 375w, https:\/\/bloggar.hemmetsjournal.se\/anna\/wp-content\/uploads\/sites\/2\/2019\/06\/Riga-8-360x480.jpg 360w, https:\/\/bloggar.hemmetsjournal.se\/anna\/wp-content\/uploads\/sites\/2\/2019\/06\/Riga-8-600x800.jpg 600w, https:\/\/bloggar.hemmetsjournal.se\/anna\/wp-content\/uploads\/sites\/2\/2019\/06\/Riga-8-197x263.jpg 197w, https:\/\/bloggar.hemmetsjournal.se\/anna\/wp-content\/uploads\/sites\/2\/2019\/06\/Riga-8-18x24.jpg 18w, https:\/\/bloggar.hemmetsjournal.se\/anna\/wp-content\/uploads\/sites\/2\/2019\/06\/Riga-8-27x36.jpg 27w, https:\/\/bloggar.hemmetsjournal.se\/anna\/wp-content\/uploads\/sites\/2\/2019\/06\/Riga-8-36x48.jpg 36w\" sizes=\"(max-width: 720px) 100vw, 720px\" \/><figcaption>Burspr\u00e5k med utsikt mot gatan. Foto: Sassa Hiatt<\/figcaption><\/figure>\n\n\n\n<p>Museets permanenta huvudutst\u00e4llning \u00e4r vad som ska f\u00f6rest\u00e4lla ett ganska typiskt jugendhem d\u00e4r en v\u00e4lbest\u00e4lld familj bor. Och nog kan man f\u00f6rst\u00e5 att de var beredda att betala extra f\u00f6r att f\u00e5 sitta i sitt burspr\u00e5k och dricka f\u00f6rmiddagskaffet! Sassa gick ganska n\u00e4ra f\u00f6r att f\u00e5 den h\u00e4r bilden, men om man backar lite kan man se att konceptet \u00e4r spektakul\u00e4rt p\u00e5 fler s\u00e4tt.<br><\/p>\n\n\n\n<figure class=\"wp-block-image\"><img loading=\"lazy\" decoding=\"async\" width=\"400\" height=\"266\" src=\"https:\/\/bloggar.hemmetsjournal.se\/anna\/wp-content\/uploads\/sites\/2\/2019\/07\/foto-3-1.jpg\" alt=\"\" class=\"wp-image-12168\" srcset=\"https:\/\/bloggar.hemmetsjournal.se\/anna\/wp-content\/uploads\/sites\/2\/2019\/07\/foto-3-1.jpg 400w, https:\/\/bloggar.hemmetsjournal.se\/anna\/wp-content\/uploads\/sites\/2\/2019\/07\/foto-3-1-300x200.jpg 300w, https:\/\/bloggar.hemmetsjournal.se\/anna\/wp-content\/uploads\/sites\/2\/2019\/07\/foto-3-1-360x239.jpg 360w, https:\/\/bloggar.hemmetsjournal.se\/anna\/wp-content\/uploads\/sites\/2\/2019\/07\/foto-3-1-263x175.jpg 263w, https:\/\/bloggar.hemmetsjournal.se\/anna\/wp-content\/uploads\/sites\/2\/2019\/07\/foto-3-1-24x16.jpg 24w, https:\/\/bloggar.hemmetsjournal.se\/anna\/wp-content\/uploads\/sites\/2\/2019\/07\/foto-3-1-36x24.jpg 36w, https:\/\/bloggar.hemmetsjournal.se\/anna\/wp-content\/uploads\/sites\/2\/2019\/07\/foto-3-1-48x32.jpg 48w\" sizes=\"(max-width: 400px) 100vw, 400px\" \/><figcaption>Burspr\u00e5ket p\u00e5 lite avst\u00e5nd. Bild l\u00e5nad fr\u00e5n Riga Art Noveau Museums webbplats<\/figcaption><\/figure>\n\n\n\n<p>Visst \u00e4r inramningen vacker?<\/p>\n\n\n\n<p>N\u00e4r vi var d\u00e4r stod det ocks\u00e5 m\u00e5nga gr\u00f6na v\u00e4xter i burspr\u00e5ket, som i ett slags vintertr\u00e4dg\u00e5rd.<\/p>\n\n\n\n<p>Det som gjorde oss lite f\u00f6rv\u00e5nade var hur sm\u00e5 l\u00e4genhetens rum \u00e4r. Vi var inne i pigkammaren innanf\u00f6r k\u00f6ket, och den verkade helt normal med tanke p\u00e5 att arbetsgivarna s\u00e4kert t\u00e4nkte sig att pigan mest skulle vara d\u00e4r n\u00e4r hon sov (och kanske n\u00e4r hon lagade familjens textilier? Det fanns i alla fall en symaskin d\u00e4r). Men det enda sovrummet var inte stort, och d\u00e4r stod det en s\u00e4ng som absolut s\u00e5g ut som en enkels\u00e4ng. Var bodde alla? Var det p\u00e5 n\u00e5got vis bara en uppvisningsv\u00e5ning eller en v\u00e5ning d\u00e4r en arbetande familjefader bodde ensam under veckorna medan familjen var p\u00e5 landet? Var den byggd som n\u00e5got annat \u00e4n en familjel\u00e4genhet? Vi fr\u00e5gade guiderna men fick inte n\u00e5got riktigt svar.<\/p>\n\n\n\n<p>Matsalen \u00e4r ocks\u00e5 liten, men utst\u00e4llningen f\u00e5r den att verka mindre &#8212; om man st\u00e4ller matsalsbordet p\u00e5 andra h\u00e5llet kan man nog f\u00e5 rum med \u00e5tta eller tio g\u00e4ster. Vad de \u00e5t? Det skulle jag g\u00e4rna ha velat veta.<\/p>\n\n\n\n<figure class=\"wp-block-image\"><img loading=\"lazy\" decoding=\"async\" width=\"843\" height=\"960\" src=\"https:\/\/bloggar.hemmetsjournal.se\/anna\/wp-content\/uploads\/sites\/2\/2019\/06\/Riga-4-1.jpg\" alt=\"\" class=\"wp-image-12099\" srcset=\"https:\/\/bloggar.hemmetsjournal.se\/anna\/wp-content\/uploads\/sites\/2\/2019\/06\/Riga-4-1.jpg 843w, https:\/\/bloggar.hemmetsjournal.se\/anna\/wp-content\/uploads\/sites\/2\/2019\/06\/Riga-4-1-263x300.jpg 263w, https:\/\/bloggar.hemmetsjournal.se\/anna\/wp-content\/uploads\/sites\/2\/2019\/06\/Riga-4-1-768x875.jpg 768w, https:\/\/bloggar.hemmetsjournal.se\/anna\/wp-content\/uploads\/sites\/2\/2019\/06\/Riga-4-1-628x715.jpg 628w, https:\/\/bloggar.hemmetsjournal.se\/anna\/wp-content\/uploads\/sites\/2\/2019\/06\/Riga-4-1-439x500.jpg 439w, https:\/\/bloggar.hemmetsjournal.se\/anna\/wp-content\/uploads\/sites\/2\/2019\/06\/Riga-4-1-360x410.jpg 360w, https:\/\/bloggar.hemmetsjournal.se\/anna\/wp-content\/uploads\/sites\/2\/2019\/06\/Riga-4-1-600x683.jpg 600w, https:\/\/bloggar.hemmetsjournal.se\/anna\/wp-content\/uploads\/sites\/2\/2019\/06\/Riga-4-1-231x263.jpg 231w, https:\/\/bloggar.hemmetsjournal.se\/anna\/wp-content\/uploads\/sites\/2\/2019\/06\/Riga-4-1-21x24.jpg 21w, https:\/\/bloggar.hemmetsjournal.se\/anna\/wp-content\/uploads\/sites\/2\/2019\/06\/Riga-4-1-32x36.jpg 32w, https:\/\/bloggar.hemmetsjournal.se\/anna\/wp-content\/uploads\/sites\/2\/2019\/06\/Riga-4-1-42x48.jpg 42w\" sizes=\"(max-width: 843px) 100vw, 843px\" \/><figcaption>Mystiska varelser anropar i entr\u00e9n. Foto: Sassa Hiatt<\/figcaption><\/figure>\n\n\n\n<p>Trappan \u00e4r allts\u00e5 Rigas antagligen mest fotograferade, men hela entr\u00e9n och trapphuset \u00e4r v\u00e4rda lite ont i nacken. N\u00e4r jag ser s\u00e5dana takm\u00e5lningar t\u00e4nker jag alltid p\u00e5 arbetsst\u00e4llningarna f\u00f6r de m\u00e4nniskor som m\u00e5lade dem \u2026 Vilken bisarr fantasi, och vilken precision! Fick den som m\u00e5lade vara med och utforma motiven, eller skulle de kopieras fr\u00e5n en skiss som n\u00e5gon h\u00f6gre upp i hierarkin hade gjort?<\/p>\n\n\n\n<figure class=\"wp-block-image\"><img loading=\"lazy\" decoding=\"async\" width=\"960\" height=\"720\" src=\"https:\/\/bloggar.hemmetsjournal.se\/anna\/wp-content\/uploads\/sites\/2\/2019\/06\/Riga-5.jpg\" alt=\"\" class=\"wp-image-12100\" srcset=\"https:\/\/bloggar.hemmetsjournal.se\/anna\/wp-content\/uploads\/sites\/2\/2019\/06\/Riga-5.jpg 960w, https:\/\/bloggar.hemmetsjournal.se\/anna\/wp-content\/uploads\/sites\/2\/2019\/06\/Riga-5-300x225.jpg 300w, https:\/\/bloggar.hemmetsjournal.se\/anna\/wp-content\/uploads\/sites\/2\/2019\/06\/Riga-5-768x576.jpg 768w, https:\/\/bloggar.hemmetsjournal.se\/anna\/wp-content\/uploads\/sites\/2\/2019\/06\/Riga-5-953x715.jpg 953w, https:\/\/bloggar.hemmetsjournal.se\/anna\/wp-content\/uploads\/sites\/2\/2019\/06\/Riga-5-483x362.jpg 483w, https:\/\/bloggar.hemmetsjournal.se\/anna\/wp-content\/uploads\/sites\/2\/2019\/06\/Riga-5-360x270.jpg 360w, https:\/\/bloggar.hemmetsjournal.se\/anna\/wp-content\/uploads\/sites\/2\/2019\/06\/Riga-5-600x450.jpg 600w, https:\/\/bloggar.hemmetsjournal.se\/anna\/wp-content\/uploads\/sites\/2\/2019\/06\/Riga-5-263x197.jpg 263w, https:\/\/bloggar.hemmetsjournal.se\/anna\/wp-content\/uploads\/sites\/2\/2019\/06\/Riga-5-24x18.jpg 24w, https:\/\/bloggar.hemmetsjournal.se\/anna\/wp-content\/uploads\/sites\/2\/2019\/06\/Riga-5-36x27.jpg 36w, https:\/\/bloggar.hemmetsjournal.se\/anna\/wp-content\/uploads\/sites\/2\/2019\/06\/Riga-5-48x36.jpg 48w\" sizes=\"(max-width: 960px) 100vw, 960px\" \/><figcaption>Blommigare i annan del av entr\u00e9n. Foto: Sassa Hiatt<\/figcaption><\/figure>\n\n\n\n<p>Riga Art Noveau Museum \u00e4r inte s\u00e5 stort, men man kan stanna ganska l\u00e4nge i k\u00e4llaren d\u00e4r den elektroniska utst\u00e4llningen om hela Rigas jugendtid finns. Uppe i l\u00e4genheten f\u00e5r man betala lite extra f\u00f6r ett fototillst\u00e5nd, och det tror jag att de flesta inser att det \u00e4r v\u00e4rt. F\u00e5 av oss kommer n\u00e5gonsin att ha m\u00f6jlighet att bo i jugendstil, men en del inredningsdetaljer \u00e4r s\u00e5 vackra och tidl\u00f6sa att man skulle kunna l\u00e5ta sig inspireras av dem n\u00e4stan varsomhelst.<\/p>\n\n\n\n<p>N\u00e4ra museet ligger en butik som har specialiserat sig p\u00e5 motiv och detaljer fr\u00e5n jugendperioden. D\u00e4r kan man k\u00f6pa sig en kakelplatta, en lampett, en anteckningsbok, en kasse \u2026 Och d\u00e4r kan man konstatera att m\u00e5nga av utsmyckningsmotiven g\u00f6r sig bra i de mest osannolika sammanhang. S\u00e5 \u00e4r det kanske med det som \u00e4r riktigt vackert.<\/p>\n\n\n\n<p>Tack Ita och Sassa f\u00f6r de h\u00e4r timmarna en s\u00f6ndag i maj!<\/p>\n","protected":false},"excerpt":{"rendered":"<p>Om jag har f\u00f6rst\u00e5tt begreppet abstract greed r\u00e4tt &#8212; som &#8221;att verkligen vilja ha n\u00e5got men inte ha n\u00e5gon realistisk plan f\u00f6r hur anskaffandet ska g\u00e5 till&#8221; &#8212; s\u00e5 \u00e4r det abstract greed som drabbar mig n\u00e4r jag ser jugendl\u00e4genheter. I Malm\u00f6 d\u00e4r jag bor finns det ganska m\u00e5nga s\u00e5dana byggnader, till exempel vid Drottningtorget&#8230;.<\/p>\n","protected":false},"author":31,"featured_media":0,"comment_status":"closed","ping_status":"closed","sticky":false,"template":"","format":"standard","meta":{"site-sidebar-layout":"default","site-content-layout":"","ast-site-content-layout":"default","site-content-style":"default","site-sidebar-style":"default","ast-global-header-display":"","ast-banner-title-visibility":"","ast-main-header-display":"","ast-hfb-above-header-display":"","ast-hfb-below-header-display":"","ast-hfb-mobile-header-display":"","site-post-title":"","ast-breadcrumbs-content":"","ast-featured-img":"","footer-sml-layout":"","ast-disable-related-posts":"","theme-transparent-header-meta":"","adv-header-id-meta":"","stick-header-meta":"","header-above-stick-meta":"","header-main-stick-meta":"","header-below-stick-meta":"","astra-migrate-meta-layouts":"default","ast-page-background-enabled":"default","ast-page-background-meta":{"desktop":{"background-color":"var(--ast-global-color-4)","background-image":"","background-repeat":"repeat","background-position":"center center","background-size":"auto","background-attachment":"scroll","background-type":"","background-media":"","overlay-type":"","overlay-color":"","overlay-opacity":"","overlay-gradient":""},"tablet":{"background-color":"","background-image":"","background-repeat":"repeat","background-position":"center center","background-size":"auto","background-attachment":"scroll","background-type":"","background-media":"","overlay-type":"","overlay-color":"","overlay-opacity":"","overlay-gradient":""},"mobile":{"background-color":"","background-image":"","background-repeat":"repeat","background-position":"center center","background-size":"auto","background-attachment":"scroll","background-type":"","background-media":"","overlay-type":"","overlay-color":"","overlay-opacity":"","overlay-gradient":""}},"ast-content-background-meta":{"desktop":{"background-color":"var(--ast-global-color-5)","background-image":"","background-repeat":"repeat","background-position":"center center","background-size":"auto","background-attachment":"scroll","background-type":"","background-media":"","overlay-type":"","overlay-color":"","overlay-opacity":"","overlay-gradient":""},"tablet":{"background-color":"var(--ast-global-color-5)","background-image":"","background-repeat":"repeat","background-position":"center center","background-size":"auto","background-attachment":"scroll","background-type":"","background-media":"","overlay-type":"","overlay-color":"","overlay-opacity":"","overlay-gradient":""},"mobile":{"background-color":"var(--ast-global-color-5)","background-image":"","background-repeat":"repeat","background-position":"center center","background-size":"auto","background-attachment":"scroll","background-type":"","background-media":"","overlay-type":"","overlay-color":"","overlay-opacity":"","overlay-gradient":""}},"footnotes":""},"categories":[1450],"tags":[1476,1475,110,1477,48],"class_list":["post-12092","post","type-post","status-publish","format-standard","hentry","category-resor","tag-art-noveau","tag-jugenstil","tag-lettland","tag-museum","tag-riga"],"_links":{"self":[{"href":"https:\/\/bloggar.hemmetsjournal.se\/anna\/wp-json\/wp\/v2\/posts\/12092"}],"collection":[{"href":"https:\/\/bloggar.hemmetsjournal.se\/anna\/wp-json\/wp\/v2\/posts"}],"about":[{"href":"https:\/\/bloggar.hemmetsjournal.se\/anna\/wp-json\/wp\/v2\/types\/post"}],"author":[{"embeddable":true,"href":"https:\/\/bloggar.hemmetsjournal.se\/anna\/wp-json\/wp\/v2\/users\/31"}],"replies":[{"embeddable":true,"href":"https:\/\/bloggar.hemmetsjournal.se\/anna\/wp-json\/wp\/v2\/comments?post=12092"}],"version-history":[{"count":5,"href":"https:\/\/bloggar.hemmetsjournal.se\/anna\/wp-json\/wp\/v2\/posts\/12092\/revisions"}],"predecessor-version":[{"id":12170,"href":"https:\/\/bloggar.hemmetsjournal.se\/anna\/wp-json\/wp\/v2\/posts\/12092\/revisions\/12170"}],"wp:attachment":[{"href":"https:\/\/bloggar.hemmetsjournal.se\/anna\/wp-json\/wp\/v2\/media?parent=12092"}],"wp:term":[{"taxonomy":"category","embeddable":true,"href":"https:\/\/bloggar.hemmetsjournal.se\/anna\/wp-json\/wp\/v2\/categories?post=12092"},{"taxonomy":"post_tag","embeddable":true,"href":"https:\/\/bloggar.hemmetsjournal.se\/anna\/wp-json\/wp\/v2\/tags?post=12092"}],"curies":[{"name":"wp","href":"https:\/\/api.w.org\/{rel}","templated":true}]}}