{"id":11954,"date":"2019-04-28T12:16:30","date_gmt":"2019-04-28T10:16:30","guid":{"rendered":"https:\/\/bloggar.hemmetsjournal.se\/anna\/?p=11954"},"modified":"2019-04-28T14:49:14","modified_gmt":"2019-04-28T12:49:14","slug":"kort-kort-och-langt-langt","status":"publish","type":"post","link":"https:\/\/bloggar.hemmetsjournal.se\/anna\/2019\/kort-kort-och-langt-langt\/","title":{"rendered":"Kort, kort (och l\u00e5ngt, l\u00e5ngt)"},"content":{"rendered":"\n<figure class=\"wp-block-image\"><img loading=\"lazy\" decoding=\"async\" width=\"1024\" height=\"683\" src=\"https:\/\/bloggar.hemmetsjournal.se\/anna\/wp-content\/uploads\/sites\/2\/2019\/04\/DSC_07581-1024x683.jpg\" alt=\"\" class=\"wp-image-11955\" srcset=\"https:\/\/bloggar.hemmetsjournal.se\/anna\/wp-content\/uploads\/sites\/2\/2019\/04\/DSC_07581-1024x683.jpg 1024w, https:\/\/bloggar.hemmetsjournal.se\/anna\/wp-content\/uploads\/sites\/2\/2019\/04\/DSC_07581-300x200.jpg 300w, https:\/\/bloggar.hemmetsjournal.se\/anna\/wp-content\/uploads\/sites\/2\/2019\/04\/DSC_07581-768x512.jpg 768w, https:\/\/bloggar.hemmetsjournal.se\/anna\/wp-content\/uploads\/sites\/2\/2019\/04\/DSC_07581-1536x1024.jpg 1536w, https:\/\/bloggar.hemmetsjournal.se\/anna\/wp-content\/uploads\/sites\/2\/2019\/04\/DSC_07581-1073x715.jpg 1073w, https:\/\/bloggar.hemmetsjournal.se\/anna\/wp-content\/uploads\/sites\/2\/2019\/04\/DSC_07581-483x322.jpg 483w, https:\/\/bloggar.hemmetsjournal.se\/anna\/wp-content\/uploads\/sites\/2\/2019\/04\/DSC_07581-360x240.jpg 360w, https:\/\/bloggar.hemmetsjournal.se\/anna\/wp-content\/uploads\/sites\/2\/2019\/04\/DSC_07581-600x400.jpg 600w, https:\/\/bloggar.hemmetsjournal.se\/anna\/wp-content\/uploads\/sites\/2\/2019\/04\/DSC_07581-263x175.jpg 263w, https:\/\/bloggar.hemmetsjournal.se\/anna\/wp-content\/uploads\/sites\/2\/2019\/04\/DSC_07581-24x16.jpg 24w, https:\/\/bloggar.hemmetsjournal.se\/anna\/wp-content\/uploads\/sites\/2\/2019\/04\/DSC_07581-36x24.jpg 36w, https:\/\/bloggar.hemmetsjournal.se\/anna\/wp-content\/uploads\/sites\/2\/2019\/04\/DSC_07581-48x32.jpg 48w, https:\/\/bloggar.hemmetsjournal.se\/anna\/wp-content\/uploads\/sites\/2\/2019\/04\/DSC_07581.jpg 2048w\" sizes=\"(max-width: 1024px) 100vw, 1024px\" \/><figcaption>K\u00f6rsb\u00e4rsblomning i Kalmar p\u00e5 p\u00e5skdagen.<\/figcaption><\/figure>\n\n\n\n<p>F\u00f6r ett par veckor sedan kom en kollega in i arbetsrummet som jag delar med tre andra. Vi tittade ut p\u00e5 k\u00f6rsb\u00e4rstr\u00e4den och s\u00e5g blommor lite h\u00e4r och d\u00e4r p\u00e5 tre av dem men inte p\u00e5 det fj\u00e4rde.<\/p>\n\n\n\n<p>Bara n\u00e5gra dagar senare var de helt \u00f6vers\u00e5llade.<\/p>\n\n\n\n<figure class=\"wp-block-image\"><img loading=\"lazy\" decoding=\"async\" width=\"960\" height=\"748\" src=\"https:\/\/bloggar.hemmetsjournal.se\/anna\/wp-content\/uploads\/sites\/2\/2019\/04\/K\u00f6rsb\u00e4rsblom.jpg\" alt=\"\" class=\"wp-image-11956\" srcset=\"https:\/\/bloggar.hemmetsjournal.se\/anna\/wp-content\/uploads\/sites\/2\/2019\/04\/K\u00f6rsb\u00e4rsblom.jpg 960w, https:\/\/bloggar.hemmetsjournal.se\/anna\/wp-content\/uploads\/sites\/2\/2019\/04\/K\u00f6rsb\u00e4rsblom-300x234.jpg 300w, https:\/\/bloggar.hemmetsjournal.se\/anna\/wp-content\/uploads\/sites\/2\/2019\/04\/K\u00f6rsb\u00e4rsblom-768x598.jpg 768w, https:\/\/bloggar.hemmetsjournal.se\/anna\/wp-content\/uploads\/sites\/2\/2019\/04\/K\u00f6rsb\u00e4rsblom-918x715.jpg 918w, https:\/\/bloggar.hemmetsjournal.se\/anna\/wp-content\/uploads\/sites\/2\/2019\/04\/K\u00f6rsb\u00e4rsblom-483x376.jpg 483w, https:\/\/bloggar.hemmetsjournal.se\/anna\/wp-content\/uploads\/sites\/2\/2019\/04\/K\u00f6rsb\u00e4rsblom-360x281.jpg 360w, https:\/\/bloggar.hemmetsjournal.se\/anna\/wp-content\/uploads\/sites\/2\/2019\/04\/K\u00f6rsb\u00e4rsblom-600x468.jpg 600w, https:\/\/bloggar.hemmetsjournal.se\/anna\/wp-content\/uploads\/sites\/2\/2019\/04\/K\u00f6rsb\u00e4rsblom-263x205.jpg 263w, https:\/\/bloggar.hemmetsjournal.se\/anna\/wp-content\/uploads\/sites\/2\/2019\/04\/K\u00f6rsb\u00e4rsblom-24x19.jpg 24w, https:\/\/bloggar.hemmetsjournal.se\/anna\/wp-content\/uploads\/sites\/2\/2019\/04\/K\u00f6rsb\u00e4rsblom-36x28.jpg 36w, https:\/\/bloggar.hemmetsjournal.se\/anna\/wp-content\/uploads\/sites\/2\/2019\/04\/K\u00f6rsb\u00e4rsblom-48x37.jpg 48w\" sizes=\"(max-width: 960px) 100vw, 960px\" \/><figcaption>M\u00f6bler som ska bort och blommor som man g\u00e4rna hade velat beh\u00e5lla lite l\u00e4ngre. Foto: Anders Angel<\/figcaption><\/figure>\n\n\n\n<p>Den dag n\u00e4r vi avslutade inf\u00f6r p\u00e5sklovet tog en av mina arbetsrumskamrater, <strong>Anders<\/strong>, den h\u00e4r bilden &#8212; v\u00e5ra kolleger p\u00e5 grundskolan intill skulle byta ut en massa m\u00f6bler.<\/p>\n\n\n\n<p>Sedan var jag borta en vecka, fotograferade ett k\u00f6rsb\u00e4rstr\u00e4d i Kalmar p\u00e5 p\u00e5skdagen, och kom tillbaka till i stort sett \u00f6verblommade tr\u00e4d utanf\u00f6r arbetsrumsf\u00f6nstret och en i stort sett \u00f6verblommad magnolia vid h\u00f6rnet av l\u00e4genhetshuset d\u00e4r jag bor. Den blomningen missade jag helt och h\u00e5llet i \u00e5r.<\/p>\n\n\n\n<figure class=\"wp-block-image\"><img loading=\"lazy\" decoding=\"async\" width=\"1024\" height=\"682\" src=\"https:\/\/bloggar.hemmetsjournal.se\/anna\/wp-content\/uploads\/sites\/2\/2019\/04\/DSC_07601-1024x682.jpg\" alt=\"\" class=\"wp-image-11957\" srcset=\"https:\/\/bloggar.hemmetsjournal.se\/anna\/wp-content\/uploads\/sites\/2\/2019\/04\/DSC_07601-1024x682.jpg 1024w, https:\/\/bloggar.hemmetsjournal.se\/anna\/wp-content\/uploads\/sites\/2\/2019\/04\/DSC_07601-300x200.jpg 300w, https:\/\/bloggar.hemmetsjournal.se\/anna\/wp-content\/uploads\/sites\/2\/2019\/04\/DSC_07601-768x512.jpg 768w, https:\/\/bloggar.hemmetsjournal.se\/anna\/wp-content\/uploads\/sites\/2\/2019\/04\/DSC_07601-1073x715.jpg 1073w, https:\/\/bloggar.hemmetsjournal.se\/anna\/wp-content\/uploads\/sites\/2\/2019\/04\/DSC_07601-483x322.jpg 483w, https:\/\/bloggar.hemmetsjournal.se\/anna\/wp-content\/uploads\/sites\/2\/2019\/04\/DSC_07601-360x240.jpg 360w, https:\/\/bloggar.hemmetsjournal.se\/anna\/wp-content\/uploads\/sites\/2\/2019\/04\/DSC_07601-600x400.jpg 600w, https:\/\/bloggar.hemmetsjournal.se\/anna\/wp-content\/uploads\/sites\/2\/2019\/04\/DSC_07601-263x175.jpg 263w, https:\/\/bloggar.hemmetsjournal.se\/anna\/wp-content\/uploads\/sites\/2\/2019\/04\/DSC_07601-24x16.jpg 24w, https:\/\/bloggar.hemmetsjournal.se\/anna\/wp-content\/uploads\/sites\/2\/2019\/04\/DSC_07601-36x24.jpg 36w, https:\/\/bloggar.hemmetsjournal.se\/anna\/wp-content\/uploads\/sites\/2\/2019\/04\/DSC_07601-48x32.jpg 48w, https:\/\/bloggar.hemmetsjournal.se\/anna\/wp-content\/uploads\/sites\/2\/2019\/04\/DSC_07601.jpg 1280w\" sizes=\"(max-width: 1024px) 100vw, 1024px\" \/><\/figure>\n\n\n\n<p>I \u00e5r har jag nog t\u00e4nkt lite mer \u00e4n tidigare p\u00e5 de blommande tr\u00e4den. Det har inte bara med \u00e5lderspanik att g\u00f6ra (hoppas jag) &#8212; i februari k\u00f6pte jag <strong>Fiona Stafford<\/strong>s bok <em>The Long, Long Life of Trees. <\/em>Eftersom det \u00e4r en bok som passar att l\u00e4sa i sm\u00e5, sm\u00e5 bitar &#8212; \u00e5tminstone passar det mig att l\u00e4sa den s\u00e5 &#8212; hade jag kommit in i k\u00f6rsb\u00e4rstr\u00e4dskapitlet just n\u00e4r jag kom hem till det sk\u00e4ra blombladsregnet.<\/p>\n\n\n\n<p>Fiona Stafford \u00e4r en av de brittiska professorer vars minibiografi f\u00e5r det att l\u00e5ta som om man kan hinna med allt akademiskt i v\u00e4rlden och mycket mer och tusen specialintressen och samtidigt skriva b\u00f6cker som ligger i h\u00f6gar vid bokhandelns ing\u00e5ng, men n\u00e4r hon ber\u00e4ttar om k\u00f6rsb\u00e4rstr\u00e4den \u00e4r det bland annat f\u00f6rg\u00e4ngligheten hon uppeh\u00e5ller sig vid. Hur snabbt tiden g\u00e5r och hur snabbt allt tar slut, allts\u00e5. Hon ber\u00e4ttar om hur k\u00f6rsb\u00e4rsblommen firas i Japan (s\u00e5klart) och ocks\u00e5 om hur USA:s huvudstad har tagit till sig delar av den vanan och n\u00e4stan stannar upp n\u00e4r det \u00e4r dags f\u00f6r picknick under ett l\u00e5gt rosa himlavalv. Tr\u00e4den d\u00e4r \u00e4r en donation fr\u00e5n Japan, och den f\u00f6rsta leveransen blev misslyckad, men den andra tog sig. N\u00e5gon borde bjuda henne till Kungstr\u00e4dg\u00e5rden i Stockholm s\u00e5 att hon f\u00e5r uppleva hur lyckliga nordbor blir n\u00e4r det blommar!<\/p>\n\n\n\n<p>S\u00e5h\u00e4r viktiga &#8212; bland annat &#8212; \u00e4r k\u00f6rsb\u00e4rsblommorna i Japan: de har en egen s\u00e5ng som alla kan. <em>Sakura, sakura<\/em> &#8230;<\/p>\n\n\n\n<figure class=\"wp-block-embed-youtube wp-block-embed is-type-video is-provider-youtube wp-embed-aspect-16-9 wp-has-aspect-ratio\"><div class=\"wp-block-embed__wrapper\">\n<iframe loading=\"lazy\" title=\"Sakura &quot;Cherry Blossoms&quot;;Traditional Music of Japan, Classical Koto Music \u65e5\u672c\u306e\u4f1d\u7d71\u97f3\u697d\" width=\"500\" height=\"281\" src=\"https:\/\/www.youtube.com\/embed\/AK51LblcEOw?feature=oembed\" frameborder=\"0\" allow=\"accelerometer; autoplay; clipboard-write; encrypted-media; gyroscope; picture-in-picture; web-share\" referrerpolicy=\"strict-origin-when-cross-origin\" allowfullscreen><\/iframe>\n<\/div><\/figure>\n\n\n\n<p>K\u00f6rsb\u00e4rstr\u00e4den h\u00f6r inte till de tr\u00e4d som har gett boken jag l\u00e4ser dess titel, tror jag. Po\u00e4ngen med dem n\u00e4r m\u00e4nniskor planterar dem, njuter av dem och pratar om dem \u00e4r inte att de blir hur gamla som helst utan att de b\u00e5de finns fr\u00e5n \u00e5r till \u00e5r och p\u00e5minner oss om hur obest\u00e4ndigt livet \u00e4r. Vad po\u00e4ngen med dem \u00e4r i ett st\u00f6rre perspektiv kommer vi kanske aldrig att kunna kartl\u00e4gga helt och h\u00e5llet &#8212; och det g\u00e4ller ju att se ocks\u00e5 det som en po\u00e4ng.<\/p>\n\n\n\n<p>Men det f\u00f6rsta kapitlet i boken handlar om idegranar. Ett av de tr\u00e4d som hon ber\u00e4ttar om d\u00e4r finns ocks\u00e5 med i Judi Denchs BBC-serie:<\/p>\n\n\n\n<figure class=\"wp-block-embed-youtube wp-block-embed is-type-video is-provider-youtube wp-embed-aspect-16-9 wp-has-aspect-ratio\"><div class=\"wp-block-embed__wrapper\">\n<iframe loading=\"lazy\" title=\"1500 year old yew tree - Judi Dench: My Passion For Trees: Preview - BBC\" width=\"500\" height=\"281\" src=\"https:\/\/www.youtube.com\/embed\/YCQ62deoq_8?feature=oembed\" frameborder=\"0\" allow=\"accelerometer; autoplay; clipboard-write; encrypted-media; gyroscope; picture-in-picture; web-share\" referrerpolicy=\"strict-origin-when-cross-origin\" allowfullscreen><\/iframe>\n<\/div><\/figure>\n\n\n\n<p>Vilka perspektiv eller hur?<\/p>\n\n\n\n<p>Och det som fanns i s\u00f6ndags \u00e4r antagligen borta nu &#8230;<\/p>\n\n\n\n<figure class=\"wp-block-image\"><img loading=\"lazy\" decoding=\"async\" width=\"1024\" height=\"682\" src=\"https:\/\/bloggar.hemmetsjournal.se\/anna\/wp-content\/uploads\/sites\/2\/2019\/04\/DSC_07551-1024x682.jpg\" alt=\"\" class=\"wp-image-11962\" srcset=\"https:\/\/bloggar.hemmetsjournal.se\/anna\/wp-content\/uploads\/sites\/2\/2019\/04\/DSC_07551-1024x682.jpg 1024w, https:\/\/bloggar.hemmetsjournal.se\/anna\/wp-content\/uploads\/sites\/2\/2019\/04\/DSC_07551-300x200.jpg 300w, https:\/\/bloggar.hemmetsjournal.se\/anna\/wp-content\/uploads\/sites\/2\/2019\/04\/DSC_07551-768x512.jpg 768w, https:\/\/bloggar.hemmetsjournal.se\/anna\/wp-content\/uploads\/sites\/2\/2019\/04\/DSC_07551-1073x715.jpg 1073w, https:\/\/bloggar.hemmetsjournal.se\/anna\/wp-content\/uploads\/sites\/2\/2019\/04\/DSC_07551-483x322.jpg 483w, https:\/\/bloggar.hemmetsjournal.se\/anna\/wp-content\/uploads\/sites\/2\/2019\/04\/DSC_07551-360x240.jpg 360w, https:\/\/bloggar.hemmetsjournal.se\/anna\/wp-content\/uploads\/sites\/2\/2019\/04\/DSC_07551-600x400.jpg 600w, https:\/\/bloggar.hemmetsjournal.se\/anna\/wp-content\/uploads\/sites\/2\/2019\/04\/DSC_07551-263x175.jpg 263w, https:\/\/bloggar.hemmetsjournal.se\/anna\/wp-content\/uploads\/sites\/2\/2019\/04\/DSC_07551-24x16.jpg 24w, https:\/\/bloggar.hemmetsjournal.se\/anna\/wp-content\/uploads\/sites\/2\/2019\/04\/DSC_07551-36x24.jpg 36w, https:\/\/bloggar.hemmetsjournal.se\/anna\/wp-content\/uploads\/sites\/2\/2019\/04\/DSC_07551-48x32.jpg 48w, https:\/\/bloggar.hemmetsjournal.se\/anna\/wp-content\/uploads\/sites\/2\/2019\/04\/DSC_07551.jpg 1280w\" sizes=\"(max-width: 1024px) 100vw, 1024px\" \/><\/figure>\n\n\n\n<p><\/p>\n","protected":false},"excerpt":{"rendered":"<p>F\u00f6r ett par veckor sedan kom en kollega in i arbetsrummet som jag delar med tre andra. Vi tittade ut p\u00e5 k\u00f6rsb\u00e4rstr\u00e4den och s\u00e5g blommor lite h\u00e4r och d\u00e4r p\u00e5 tre av dem men inte p\u00e5 det fj\u00e4rde. Bara n\u00e5gra dagar senare var de helt \u00f6vers\u00e5llade. Den dag n\u00e4r vi avslutade inf\u00f6r p\u00e5sklovet tog en&#8230;<\/p>\n","protected":false},"author":31,"featured_media":0,"comment_status":"closed","ping_status":"closed","sticky":false,"template":"","format":"standard","meta":{"site-sidebar-layout":"default","site-content-layout":"","ast-site-content-layout":"default","site-content-style":"default","site-sidebar-style":"default","ast-global-header-display":"","ast-banner-title-visibility":"","ast-main-header-display":"","ast-hfb-above-header-display":"","ast-hfb-below-header-display":"","ast-hfb-mobile-header-display":"","site-post-title":"","ast-breadcrumbs-content":"","ast-featured-img":"","footer-sml-layout":"","ast-disable-related-posts":"","theme-transparent-header-meta":"","adv-header-id-meta":"","stick-header-meta":"","header-above-stick-meta":"","header-main-stick-meta":"","header-below-stick-meta":"","astra-migrate-meta-layouts":"default","ast-page-background-enabled":"default","ast-page-background-meta":{"desktop":{"background-color":"var(--ast-global-color-4)","background-image":"","background-repeat":"repeat","background-position":"center center","background-size":"auto","background-attachment":"scroll","background-type":"","background-media":"","overlay-type":"","overlay-color":"","overlay-opacity":"","overlay-gradient":""},"tablet":{"background-color":"","background-image":"","background-repeat":"repeat","background-position":"center center","background-size":"auto","background-attachment":"scroll","background-type":"","background-media":"","overlay-type":"","overlay-color":"","overlay-opacity":"","overlay-gradient":""},"mobile":{"background-color":"","background-image":"","background-repeat":"repeat","background-position":"center center","background-size":"auto","background-attachment":"scroll","background-type":"","background-media":"","overlay-type":"","overlay-color":"","overlay-opacity":"","overlay-gradient":""}},"ast-content-background-meta":{"desktop":{"background-color":"var(--ast-global-color-5)","background-image":"","background-repeat":"repeat","background-position":"center center","background-size":"auto","background-attachment":"scroll","background-type":"","background-media":"","overlay-type":"","overlay-color":"","overlay-opacity":"","overlay-gradient":""},"tablet":{"background-color":"var(--ast-global-color-5)","background-image":"","background-repeat":"repeat","background-position":"center center","background-size":"auto","background-attachment":"scroll","background-type":"","background-media":"","overlay-type":"","overlay-color":"","overlay-opacity":"","overlay-gradient":""},"mobile":{"background-color":"var(--ast-global-color-5)","background-image":"","background-repeat":"repeat","background-position":"center center","background-size":"auto","background-attachment":"scroll","background-type":"","background-media":"","overlay-type":"","overlay-color":"","overlay-opacity":"","overlay-gradient":""}},"footnotes":""},"categories":[68],"tags":[],"class_list":["post-11954","post","type-post","status-publish","format-standard","hentry","category-boktips"],"_links":{"self":[{"href":"https:\/\/bloggar.hemmetsjournal.se\/anna\/wp-json\/wp\/v2\/posts\/11954"}],"collection":[{"href":"https:\/\/bloggar.hemmetsjournal.se\/anna\/wp-json\/wp\/v2\/posts"}],"about":[{"href":"https:\/\/bloggar.hemmetsjournal.se\/anna\/wp-json\/wp\/v2\/types\/post"}],"author":[{"embeddable":true,"href":"https:\/\/bloggar.hemmetsjournal.se\/anna\/wp-json\/wp\/v2\/users\/31"}],"replies":[{"embeddable":true,"href":"https:\/\/bloggar.hemmetsjournal.se\/anna\/wp-json\/wp\/v2\/comments?post=11954"}],"version-history":[{"count":3,"href":"https:\/\/bloggar.hemmetsjournal.se\/anna\/wp-json\/wp\/v2\/posts\/11954\/revisions"}],"predecessor-version":[{"id":11963,"href":"https:\/\/bloggar.hemmetsjournal.se\/anna\/wp-json\/wp\/v2\/posts\/11954\/revisions\/11963"}],"wp:attachment":[{"href":"https:\/\/bloggar.hemmetsjournal.se\/anna\/wp-json\/wp\/v2\/media?parent=11954"}],"wp:term":[{"taxonomy":"category","embeddable":true,"href":"https:\/\/bloggar.hemmetsjournal.se\/anna\/wp-json\/wp\/v2\/categories?post=11954"},{"taxonomy":"post_tag","embeddable":true,"href":"https:\/\/bloggar.hemmetsjournal.se\/anna\/wp-json\/wp\/v2\/tags?post=11954"}],"curies":[{"name":"wp","href":"https:\/\/api.w.org\/{rel}","templated":true}]}}