{"id":11561,"date":"2018-11-11T07:33:26","date_gmt":"2018-11-11T05:33:26","guid":{"rendered":"https:\/\/bloggar.hemmetsjournal.se\/anna\/?p=11561"},"modified":"2018-11-11T12:37:25","modified_gmt":"2018-11-11T10:37:25","slug":"100-ar-sedan-en-viktig-viktig-dag","status":"publish","type":"post","link":"https:\/\/bloggar.hemmetsjournal.se\/anna\/2018\/100-ar-sedan-en-viktig-viktig-dag\/","title":{"rendered":"100 \u00e5r sedan en viktig, viktig dag"},"content":{"rendered":"<p>Idag, den <strong>11:e november 2018<\/strong>, \u00e4r en stor dag i bland annat Storbritannien.<\/p>\n<p>Det \u00e4r 100 \u00e5r sedan f\u00f6rsta v\u00e4rldskriget \u00e4ntligen tog slut &#8212; Vapenstillest\u00e5ndsdagen, p\u00e5 engelska <em>Armistice Day.<\/em><\/p>\n<p>N\u00e4r jag l\u00e4ste boken <a href=\"https:\/\/www.theguardian.com\/books\/2016\/nov\/28\/100-best-nonfiction-books-no-44-goodbye-to-all-that-robert-graves-1929\">Robert Graves sj\u00e4lvbiografiska bok <em>Goodbye to All That<\/em><\/a> f\u00f6r kanske tio \u00e5r sedan blev f\u00f6rsta v\u00e4rldskriget pl\u00f6tsligt verkligt f\u00f6r mig. Inte s\u00e5 att jag n\u00e5gonsin kommer att f\u00f6rst\u00e5, s\u00e5klart, men en av alla saker som han ber\u00e4ttade om var den som kallades <em>trench feet<\/em>. Massor av unga m\u00e4n dog i striderna under kriget, men massor dog ocks\u00e5 d\u00e4rf\u00f6r att de inte kunde ta hand om sina f\u00f6tter i skyttegravarna. De blev kalla, de blev bl\u00f6ta, de fick skoskav &#8212; och de dog.<\/p>\n<p>I somras l\u00e4ste jag om en annan sak som ocks\u00e5 gjorde f\u00f6rsta v\u00e4rldskrigets helt enorma meningsl\u00f6shet s\u00e5 tydlig f\u00f6r mig.<\/p>\n<p><img loading=\"lazy\" decoding=\"async\" class=\"alignnone size-full wp-image-11562\" src=\"https:\/\/bloggar.hemmetsjournal.se\/anna\/wp-content\/uploads\/sites\/2\/2018\/11\/Anna_Coleman_Ladd_and_soldier-foto-American-Red-Cross.jpg\" alt=\"\" width=\"876\" height=\"597\" srcset=\"https:\/\/bloggar.hemmetsjournal.se\/anna\/wp-content\/uploads\/sites\/2\/2018\/11\/Anna_Coleman_Ladd_and_soldier-foto-American-Red-Cross.jpg 876w, https:\/\/bloggar.hemmetsjournal.se\/anna\/wp-content\/uploads\/sites\/2\/2018\/11\/Anna_Coleman_Ladd_and_soldier-foto-American-Red-Cross-300x204.jpg 300w, https:\/\/bloggar.hemmetsjournal.se\/anna\/wp-content\/uploads\/sites\/2\/2018\/11\/Anna_Coleman_Ladd_and_soldier-foto-American-Red-Cross-768x523.jpg 768w, https:\/\/bloggar.hemmetsjournal.se\/anna\/wp-content\/uploads\/sites\/2\/2018\/11\/Anna_Coleman_Ladd_and_soldier-foto-American-Red-Cross-483x329.jpg 483w, https:\/\/bloggar.hemmetsjournal.se\/anna\/wp-content\/uploads\/sites\/2\/2018\/11\/Anna_Coleman_Ladd_and_soldier-foto-American-Red-Cross-360x245.jpg 360w, https:\/\/bloggar.hemmetsjournal.se\/anna\/wp-content\/uploads\/sites\/2\/2018\/11\/Anna_Coleman_Ladd_and_soldier-foto-American-Red-Cross-600x409.jpg 600w, https:\/\/bloggar.hemmetsjournal.se\/anna\/wp-content\/uploads\/sites\/2\/2018\/11\/Anna_Coleman_Ladd_and_soldier-foto-American-Red-Cross-263x179.jpg 263w, https:\/\/bloggar.hemmetsjournal.se\/anna\/wp-content\/uploads\/sites\/2\/2018\/11\/Anna_Coleman_Ladd_and_soldier-foto-American-Red-Cross-24x16.jpg 24w, https:\/\/bloggar.hemmetsjournal.se\/anna\/wp-content\/uploads\/sites\/2\/2018\/11\/Anna_Coleman_Ladd_and_soldier-foto-American-Red-Cross-36x25.jpg 36w, https:\/\/bloggar.hemmetsjournal.se\/anna\/wp-content\/uploads\/sites\/2\/2018\/11\/Anna_Coleman_Ladd_and_soldier-foto-American-Red-Cross-48x33.jpg 48w\" sizes=\"(max-width: 876px) 100vw, 876px\" \/><\/p>\n<p><em>Anna Coleman tillsammans med en soldat vars mask \u00e4r n\u00e4stan klar. Foto: American Red Cross arkiv<\/em><\/p>\n<p>Under f\u00f6rsta v\u00e4rldskriget drabbades ett stort antal soldater &#8212; jag har l\u00e4st siffran 20 000, men det stod att det \u00e4r en grov uppskattning &#8212; av allvarliga ansiktsskador.<\/p>\n<p>D\u00e5tidens plastikkirurgi kunde inte g\u00f6ra mycket \u00e5t dem, men tv\u00e5 konstn\u00e4rer tog vid.<\/p>\n<p>I <strong>London<\/strong> arbetade <strong>Francis Derwent Wood<\/strong> p\u00e5 <strong>3rd London General Hospital<\/strong>, d\u00e4r han byggde upp <em>Masks for Facial Disfigurement Department<\/em> (i soldatkretsar kallades den <em>The Tin Noses Shop<\/em>, allts\u00e5 \u201dpl\u00e5tn\u00e4sebutiken\u201d).<\/p>\n<p>N\u00e4r amerikanskan <strong>Anna Coleman Ladd<\/strong> fick h\u00f6ra om det tog hon tillsammans med R\u00f6da korset i sitt hemland initiativet till <em>The Studio for Portrait Masks<\/em>\u00a0i <strong>Paris<\/strong>.<\/p>\n<p>B\u00e5de Wood och Ladd experimenterade med material och tekniker f\u00f6r att f\u00f6rse de skadade med naturtrogna masker som t\u00e4ckte skadorna. Ladds l\u00f6sning blev en tunn kopparmask, skulpterad med hj\u00e4lp av en gipsmask som baserades p\u00e5 fotografier tagna innan skadan uppkom (Anna Coleman Ladds medarbetare skrev till soldaternas familjer och bad om bilder). Den t\u00e4cktes med matt emalj och m\u00e5lades sedan.<\/p>\n<p>Tack vare maskerna v\u00e5gade soldaterna \u00e5terv\u00e4nda hem till sina familjer.<\/p>\n<p><a href=\"https:\/\/nowthisnews.com\/videos\/news\/anna-coleman-ladd-made-masks-for-wounded-world-war-i-veterans\">H\u00e4r<\/a>\u00a0finns en kort film med bilder av Anna Coleman Ladds &#8221;patienter&#8221; och arbeten.<\/p>\n<p>Och h\u00e4r ber\u00e4ttar konsthistorikern <strong>David Lubin<\/strong> om hennes initiativ. Han s\u00e4ger det att under det \u00e5r studion var ig\u00e5ng tillverkades 97 masker &#8212; jag har ocks\u00e5 sett siffran 195:<\/p>\n<div class=\"ast-oembed-container \" style=\"height: 100%;\"><iframe loading=\"lazy\" title=\"Who was Anna Coleman Ladd?\" width=\"500\" height=\"281\" src=\"https:\/\/www.youtube.com\/embed\/Xly6_9BK-AM?feature=oembed\" frameborder=\"0\" allow=\"accelerometer; autoplay; clipboard-write; encrypted-media; gyroscope; picture-in-picture; web-share\" referrerpolicy=\"strict-origin-when-cross-origin\" allowfullscreen><\/iframe><\/div>\n<p><a href=\"https:\/\/rarehistoricalphotos.com\/anna-coleman-ladd-masks-1918\/\">H\u00e4r\u00a0<\/a>och <a href=\"https:\/\/www.smithsonianmag.com\/arts-culture\/faces-of-war-145799854\/\">h\u00e4r<\/a> kan man ocks\u00e5 se m\u00e5nga bilder och l\u00e4sa mer om studion.<\/p>\n<p>Det finns ocks\u00e5 mycket att l\u00e4sa om The Tin Noses Shop, bland annat <a href=\"https:\/\/www.bbc.com\/news\/uk-england-london-27592604\">h\u00e4r<\/a>.<\/p>\n<p>Och nu? N\u00e4r i stort sett en hel generation unga m\u00e4nniskor i bland annat Irak, Syrien, Jemen, Afghanistan och DR Kongo v\u00e4xer upp n\u00e4ra eller mitt i krig och blir unga vuxna d\u00e4r om de \u00f6verlever &#8212; vad blir 2020-talets motsvarigheter till de extremt resurskr\u00e4vande metallmasker som tillverkades med stor skicklighet och i st\u00f6rsta v\u00e4lvilja men som naturligtvis aldrig kunde g\u00f6ra krigsskadorna ogjorda?<\/p>\n<p>Uppdatering: <a href=\"https:\/\/www.expressen.se\/nyheter\/de-trasiga-ansiktena-bilder-av-krigets-vanvett\/\">Expressen uppm\u00e4rksammar ocks\u00e5 de s\u00f6nderskjutna ansiktena idag<\/a>!<\/p>\n","protected":false},"excerpt":{"rendered":"<p>Idag, den 11:e november 2018, \u00e4r en stor dag i bland annat Storbritannien. Det \u00e4r 100 \u00e5r sedan f\u00f6rsta v\u00e4rldskriget \u00e4ntligen tog slut &#8212; Vapenstillest\u00e5ndsdagen, p\u00e5 engelska Armistice Day. N\u00e4r jag l\u00e4ste boken Robert Graves sj\u00e4lvbiografiska bok Goodbye to All That f\u00f6r kanske tio \u00e5r sedan blev f\u00f6rsta v\u00e4rldskriget pl\u00f6tsligt verkligt f\u00f6r mig. Inte s\u00e5&#8230;<\/p>\n","protected":false},"author":31,"featured_media":0,"comment_status":"closed","ping_status":"closed","sticky":false,"template":"","format":"standard","meta":{"site-sidebar-layout":"default","site-content-layout":"","ast-site-content-layout":"default","site-content-style":"default","site-sidebar-style":"default","ast-global-header-display":"","ast-banner-title-visibility":"","ast-main-header-display":"","ast-hfb-above-header-display":"","ast-hfb-below-header-display":"","ast-hfb-mobile-header-display":"","site-post-title":"","ast-breadcrumbs-content":"","ast-featured-img":"","footer-sml-layout":"","ast-disable-related-posts":"","theme-transparent-header-meta":"","adv-header-id-meta":"","stick-header-meta":"","header-above-stick-meta":"","header-main-stick-meta":"","header-below-stick-meta":"","astra-migrate-meta-layouts":"default","ast-page-background-enabled":"default","ast-page-background-meta":{"desktop":{"background-color":"var(--ast-global-color-4)","background-image":"","background-repeat":"repeat","background-position":"center center","background-size":"auto","background-attachment":"scroll","background-type":"","background-media":"","overlay-type":"","overlay-color":"","overlay-opacity":"","overlay-gradient":""},"tablet":{"background-color":"","background-image":"","background-repeat":"repeat","background-position":"center center","background-size":"auto","background-attachment":"scroll","background-type":"","background-media":"","overlay-type":"","overlay-color":"","overlay-opacity":"","overlay-gradient":""},"mobile":{"background-color":"","background-image":"","background-repeat":"repeat","background-position":"center center","background-size":"auto","background-attachment":"scroll","background-type":"","background-media":"","overlay-type":"","overlay-color":"","overlay-opacity":"","overlay-gradient":""}},"ast-content-background-meta":{"desktop":{"background-color":"var(--ast-global-color-5)","background-image":"","background-repeat":"repeat","background-position":"center center","background-size":"auto","background-attachment":"scroll","background-type":"","background-media":"","overlay-type":"","overlay-color":"","overlay-opacity":"","overlay-gradient":""},"tablet":{"background-color":"var(--ast-global-color-5)","background-image":"","background-repeat":"repeat","background-position":"center center","background-size":"auto","background-attachment":"scroll","background-type":"","background-media":"","overlay-type":"","overlay-color":"","overlay-opacity":"","overlay-gradient":""},"mobile":{"background-color":"var(--ast-global-color-5)","background-image":"","background-repeat":"repeat","background-position":"center center","background-size":"auto","background-attachment":"scroll","background-type":"","background-media":"","overlay-type":"","overlay-color":"","overlay-opacity":"","overlay-gradient":""}},"footnotes":""},"categories":[101],"tags":[1319,1326,1322,1325,1323,1324,1320,1321],"class_list":["post-11561","post","type-post","status-publish","format-standard","hentry","category-lastips","tag-anna-coleman-ladd","tag-ansiktsskador","tag-forsta-varldskriget","tag-francis-derwent-wood","tag-london","tag-paris","tag-the-tin-noses-shop","tag-wwi"],"_links":{"self":[{"href":"https:\/\/bloggar.hemmetsjournal.se\/anna\/wp-json\/wp\/v2\/posts\/11561"}],"collection":[{"href":"https:\/\/bloggar.hemmetsjournal.se\/anna\/wp-json\/wp\/v2\/posts"}],"about":[{"href":"https:\/\/bloggar.hemmetsjournal.se\/anna\/wp-json\/wp\/v2\/types\/post"}],"author":[{"embeddable":true,"href":"https:\/\/bloggar.hemmetsjournal.se\/anna\/wp-json\/wp\/v2\/users\/31"}],"replies":[{"embeddable":true,"href":"https:\/\/bloggar.hemmetsjournal.se\/anna\/wp-json\/wp\/v2\/comments?post=11561"}],"version-history":[{"count":8,"href":"https:\/\/bloggar.hemmetsjournal.se\/anna\/wp-json\/wp\/v2\/posts\/11561\/revisions"}],"predecessor-version":[{"id":11570,"href":"https:\/\/bloggar.hemmetsjournal.se\/anna\/wp-json\/wp\/v2\/posts\/11561\/revisions\/11570"}],"wp:attachment":[{"href":"https:\/\/bloggar.hemmetsjournal.se\/anna\/wp-json\/wp\/v2\/media?parent=11561"}],"wp:term":[{"taxonomy":"category","embeddable":true,"href":"https:\/\/bloggar.hemmetsjournal.se\/anna\/wp-json\/wp\/v2\/categories?post=11561"},{"taxonomy":"post_tag","embeddable":true,"href":"https:\/\/bloggar.hemmetsjournal.se\/anna\/wp-json\/wp\/v2\/tags?post=11561"}],"curies":[{"name":"wp","href":"https:\/\/api.w.org\/{rel}","templated":true}]}}