{"id":11450,"date":"2018-10-05T20:11:44","date_gmt":"2018-10-05T18:11:44","guid":{"rendered":"https:\/\/bloggar.hemmetsjournal.se\/anna\/?p=11450"},"modified":"2018-10-06T11:38:11","modified_gmt":"2018-10-06T09:38:11","slug":"denis-mukwege","status":"publish","type":"post","link":"https:\/\/bloggar.hemmetsjournal.se\/anna\/2018\/denis-mukwege\/","title":{"rendered":"Hurra f\u00f6r Denis Mukwege!"},"content":{"rendered":"<p>Grattis, Nobelkommitt\u00e9n i Norge, till \u00e5rets val av pristagare!<\/p>\n<p><strong>Nadia Murad<\/strong> och <strong>Denis Mukwege<\/strong> &#8212; b\u00e4ttre kan det knappt bli!<\/p>\n<p><img loading=\"lazy\" decoding=\"async\" class=\"alignnone size-full wp-image-1399\" src=\"https:\/\/bloggar.hemmetsjournal.se\/anna\/wp-content\/uploads\/sites\/2\/2017\/01\/Denis-Mukwege.jpg\" alt=\"\" width=\"1024\" height=\"576\" srcset=\"https:\/\/bloggar.hemmetsjournal.se\/anna\/wp-content\/uploads\/sites\/2\/2017\/01\/Denis-Mukwege.jpg 1024w, https:\/\/bloggar.hemmetsjournal.se\/anna\/wp-content\/uploads\/sites\/2\/2017\/01\/Denis-Mukwege-300x169.jpg 300w, https:\/\/bloggar.hemmetsjournal.se\/anna\/wp-content\/uploads\/sites\/2\/2017\/01\/Denis-Mukwege-768x432.jpg 768w\" sizes=\"(max-width: 1024px) 100vw, 1024px\" \/><\/p>\n<p><em>Denis Mukwege med patienter p\u00e5 Panzisjukhuset i DR Kongo. Bild l\u00e5nad fr\u00e5n PMU<\/em><\/p>\n<p>Ni som har l\u00e4st den h\u00e4r bloggen och dess f\u00f6reg\u00e5ngare har f\u00f6ljt <strong>Denis Mukwege<\/strong> och arbetet p\u00e5 <strong>Panzisjukhuset<\/strong> i <strong>Bukavu-provinsen<\/strong> i <strong>DR Kongo<\/strong> i ganska m\u00e5nga \u00e5r nu. Jag har tjatat p\u00e5 er om att sprida det ni har f\u00e5tt veta ocks\u00e5. Konflikterna i Kongo har ju bara fortsatt och fortsatt, och vi har eldat p\u00e5 dem med v\u00e5rt till synes om\u00e4ttliga behov av elektronik.<\/p>\n<p>Men kanske kommer v\u00e4rlden \u00e4ntligen att lyssna ordentligt p\u00e5 honom nu?<\/p>\n<p>Om ni har n\u00e5gra v\u00e4nner och bekanta som inte har h\u00f6rt s\u00e5 mycket tidigare, s\u00e5 titta p\u00e5 <a href=\"https:\/\/urplay.se\/program\/199070-mukwege-att-laka-kvinnor-i-kongo?cmpid=del%3Acl%3A20181005%3Aurplay\">den h\u00e4r filmen<\/a> tillsammans!<\/p>\n<p>En g\u00e5ng n\u00e4r Denis Mukwege var h\u00e4r i Skandinavien hann han med ett bes\u00f6k hos Skavlan och ber\u00e4ttade f\u00f6r honom varf\u00f6r han inte vill ha fler priser:<\/p>\n<div class=\"ast-oembed-container \" style=\"height: 100%;\"><iframe loading=\"lazy\" title=\"Denis Mukwege Interview | Part 1 | SVT\/NRK\/Skavlan\" width=\"500\" height=\"281\" src=\"https:\/\/www.youtube.com\/embed\/zZbzlKhaRok?feature=oembed\" frameborder=\"0\" allow=\"accelerometer; autoplay; clipboard-write; encrypted-media; gyroscope; picture-in-picture; web-share\" referrerpolicy=\"strict-origin-when-cross-origin\" allowfullscreen><\/iframe><\/div>\n<p>Det viktigaste \u00e4r ist\u00e4llet det h\u00e4r:<\/p>\n<div class=\"ast-oembed-container \" style=\"height: 100%;\"><iframe loading=\"lazy\" title=\"Dr Denis Mukweges uppmaning till Sverige - okt 2017\" width=\"500\" height=\"281\" src=\"https:\/\/www.youtube.com\/embed\/vqrIW9JnOPQ?feature=oembed\" frameborder=\"0\" allow=\"accelerometer; autoplay; clipboard-write; encrypted-media; gyroscope; picture-in-picture; web-share\" referrerpolicy=\"strict-origin-when-cross-origin\" allowfullscreen><\/iframe><\/div>\n<p>Men nu f\u00e5r han Alfred Nobels fredspris i alla fall. Och prispengarna kommer alldeles s\u00e4kert att g\u00f6ra hur mycket nytta som helst &#8212; men det \u00e4r f\u00f6rst\u00e5s fortfarande s\u00e5 att den stora f\u00f6r\u00e4ndringen bara kan bli verklighet om resten av v\u00e4rlden tar sitt ansvar f\u00f6r konflikten.<\/p>\n<p>Ber\u00e4tta det f\u00f6r alla ni k\u00e4nner!<\/p>\n<p>Nu ska jag l\u00e4sa om Nadia Murad.<\/p>\n","protected":false},"excerpt":{"rendered":"<p>Grattis, Nobelkommitt\u00e9n i Norge, till \u00e5rets val av pristagare! Nadia Murad och Denis Mukwege &#8212; b\u00e4ttre kan det knappt bli! Denis Mukwege med patienter p\u00e5 Panzisjukhuset i DR Kongo. Bild l\u00e5nad fr\u00e5n PMU Ni som har l\u00e4st den h\u00e4r bloggen och dess f\u00f6reg\u00e5ngare har f\u00f6ljt Denis Mukwege och arbetet p\u00e5 Panzisjukhuset i Bukavu-provinsen i DR&#8230;<\/p>\n","protected":false},"author":31,"featured_media":0,"comment_status":"closed","ping_status":"closed","sticky":false,"template":"","format":"standard","meta":{"site-sidebar-layout":"default","site-content-layout":"","ast-site-content-layout":"default","site-content-style":"default","site-sidebar-style":"default","ast-global-header-display":"","ast-banner-title-visibility":"","ast-main-header-display":"","ast-hfb-above-header-display":"","ast-hfb-below-header-display":"","ast-hfb-mobile-header-display":"","site-post-title":"","ast-breadcrumbs-content":"","ast-featured-img":"","footer-sml-layout":"","ast-disable-related-posts":"","theme-transparent-header-meta":"","adv-header-id-meta":"","stick-header-meta":"","header-above-stick-meta":"","header-main-stick-meta":"","header-below-stick-meta":"","astra-migrate-meta-layouts":"default","ast-page-background-enabled":"default","ast-page-background-meta":{"desktop":{"background-color":"var(--ast-global-color-4)","background-image":"","background-repeat":"repeat","background-position":"center center","background-size":"auto","background-attachment":"scroll","background-type":"","background-media":"","overlay-type":"","overlay-color":"","overlay-opacity":"","overlay-gradient":""},"tablet":{"background-color":"","background-image":"","background-repeat":"repeat","background-position":"center center","background-size":"auto","background-attachment":"scroll","background-type":"","background-media":"","overlay-type":"","overlay-color":"","overlay-opacity":"","overlay-gradient":""},"mobile":{"background-color":"","background-image":"","background-repeat":"repeat","background-position":"center center","background-size":"auto","background-attachment":"scroll","background-type":"","background-media":"","overlay-type":"","overlay-color":"","overlay-opacity":"","overlay-gradient":""}},"ast-content-background-meta":{"desktop":{"background-color":"var(--ast-global-color-5)","background-image":"","background-repeat":"repeat","background-position":"center center","background-size":"auto","background-attachment":"scroll","background-type":"","background-media":"","overlay-type":"","overlay-color":"","overlay-opacity":"","overlay-gradient":""},"tablet":{"background-color":"var(--ast-global-color-5)","background-image":"","background-repeat":"repeat","background-position":"center center","background-size":"auto","background-attachment":"scroll","background-type":"","background-media":"","overlay-type":"","overlay-color":"","overlay-opacity":"","overlay-gradient":""},"mobile":{"background-color":"var(--ast-global-color-5)","background-image":"","background-repeat":"repeat","background-position":"center center","background-size":"auto","background-attachment":"scroll","background-type":"","background-media":"","overlay-type":"","overlay-color":"","overlay-opacity":"","overlay-gradient":""}},"footnotes":""},"categories":[1136,97],"tags":[1292],"class_list":["post-11450","post","type-post","status-publish","format-standard","hentry","category-dr-kongo","category-panzisjukhuset-i-kongo","tag-nobels-fredspris"],"_links":{"self":[{"href":"https:\/\/bloggar.hemmetsjournal.se\/anna\/wp-json\/wp\/v2\/posts\/11450"}],"collection":[{"href":"https:\/\/bloggar.hemmetsjournal.se\/anna\/wp-json\/wp\/v2\/posts"}],"about":[{"href":"https:\/\/bloggar.hemmetsjournal.se\/anna\/wp-json\/wp\/v2\/types\/post"}],"author":[{"embeddable":true,"href":"https:\/\/bloggar.hemmetsjournal.se\/anna\/wp-json\/wp\/v2\/users\/31"}],"replies":[{"embeddable":true,"href":"https:\/\/bloggar.hemmetsjournal.se\/anna\/wp-json\/wp\/v2\/comments?post=11450"}],"version-history":[{"count":3,"href":"https:\/\/bloggar.hemmetsjournal.se\/anna\/wp-json\/wp\/v2\/posts\/11450\/revisions"}],"predecessor-version":[{"id":11453,"href":"https:\/\/bloggar.hemmetsjournal.se\/anna\/wp-json\/wp\/v2\/posts\/11450\/revisions\/11453"}],"wp:attachment":[{"href":"https:\/\/bloggar.hemmetsjournal.se\/anna\/wp-json\/wp\/v2\/media?parent=11450"}],"wp:term":[{"taxonomy":"category","embeddable":true,"href":"https:\/\/bloggar.hemmetsjournal.se\/anna\/wp-json\/wp\/v2\/categories?post=11450"},{"taxonomy":"post_tag","embeddable":true,"href":"https:\/\/bloggar.hemmetsjournal.se\/anna\/wp-json\/wp\/v2\/tags?post=11450"}],"curies":[{"name":"wp","href":"https:\/\/api.w.org\/{rel}","templated":true}]}}