{"id":1140,"date":"2016-10-31T08:01:05","date_gmt":"2016-10-31T06:01:05","guid":{"rendered":"https:\/\/bloggar.hemmetsjournal.se\/anna\/?p=1140"},"modified":"2016-10-31T08:01:05","modified_gmt":"2016-10-31T06:01:05","slug":"henrietta-har-en-garnaffar","status":"publish","type":"post","link":"https:\/\/bloggar.hemmetsjournal.se\/anna\/2016\/henrietta-har-en-garnaffar\/","title":{"rendered":"Henrietta har en garnaff\u00e4r"},"content":{"rendered":"<p>Visst \u00e4r det roligt med alla kontakter som uppst\u00e5r tack vare n\u00e5got gemensamt engagemang? <strong>Henrietta Winell<\/strong> bor i <strong>Karlskrona<\/strong>, och vi har aldrig tr\u00e4ffats, men tack vare n\u00e5gon hj\u00e4lpstickningssatsning d\u00f6k hon upp bland mina v\u00e4nner, och hon har recept med i minst tv\u00e5 av de b\u00f6cker som jag har satt ihop. N\u00e4r jag s\u00e5g p\u00e5 Facebook att hon snart, snart, snart ska \u00f6ppna garnbutik i sin hemstad fr\u00e5gade jag om jag inte kunde f\u00e5 g\u00f6ra en intervju med henne. H\u00e4r kommer den!<\/p>\n<p>***<\/p>\n<p><img loading=\"lazy\" decoding=\"async\" class=\"alignnone size-full wp-image-1141\" src=\"https:\/\/bloggar.hemmetsjournal.se\/anna\/wp-content\/uploads\/sites\/2\/2016\/10\/Henrietta-2.jpg\" alt=\"henrietta-2\" width=\"960\" height=\"918\" srcset=\"https:\/\/bloggar.hemmetsjournal.se\/anna\/wp-content\/uploads\/sites\/2\/2016\/10\/Henrietta-2.jpg 960w, https:\/\/bloggar.hemmetsjournal.se\/anna\/wp-content\/uploads\/sites\/2\/2016\/10\/Henrietta-2-300x287.jpg 300w, https:\/\/bloggar.hemmetsjournal.se\/anna\/wp-content\/uploads\/sites\/2\/2016\/10\/Henrietta-2-768x734.jpg 768w\" sizes=\"(max-width: 960px) 100vw, 960px\" \/><\/p>\n<p><strong>Hej Henrietta! Vad \u00e4r det f\u00f6r butik du har \u00f6ppnat?<\/strong><\/p>\n<p>Jag har \u00f6ppnat en butik som heter Henriettas Garn &amp; Kl\u00e4der. Det \u00e4r en butik som fr\u00e4mst s\u00e4ljer garn i naturfibrer som f\u00e5rull, alpacka och bomull. Vi kommer ocks\u00e5 att ha kl\u00e4der fr\u00e5n One With Nature, ett m\u00e4rke som tidigare hette UNO. De \u00e4r i linne, bomull och bambu.<\/p>\n<p><strong>Hur kom det sig att du gjorde det?<\/strong><\/p>\n<p>Jag har tidigare jobbat i butik och \u00e4lskar m\u00f6tet med m\u00e4nniskor! Och tanken p\u00e5 att f\u00e5 g\u00f6ra n\u00e5got som jag kan utveckla och f\u00f6ra fram\u00e5t lockade mig, s\u00e5 d\u00e4rf\u00f6r hoppade jag p\u00e5 att starta eget.<\/p>\n<p><strong>Hur v\u00e4ljer du ditt sortiment?<\/strong><\/p>\n<p>Jag v\u00e4ljer garn som \u00e4r s\u00e5 naturligt som m\u00f6jligt och helst inneh\u00e5ller s\u00e5 lite syntet som m\u00f6jligt. Jag f\u00f6rs\u00f6ker ocks\u00e5 ha garn som \u00e4r lokalproducerat om det g\u00e5r, eller fr\u00e5n Norden. Jag tycker man ska v\u00e4rna om det lokala! Jag vill ocks\u00e5 s\u00e4lja garner fr\u00e5n sm\u00e5 garnproducenter som f\u00e4rger sitt eget garn &#8212; sm\u00e5 partier som lockar till stord\u00e5d.<\/p>\n<p><strong>Har d\u00e5 n\u00e5gra favoritvaror?<\/strong><\/p>\n<p>Mina favoriter \u00e4r allt alpacka garn eftersom det \u00e4r s\u00e5 mjukt! Det v\u00e4rmer utan att stickas <span class=\"_47e3\" title=\"wink emoticon\"><img loading=\"lazy\" decoding=\"async\" class=\"img\" src=\"https:\/\/www.facebook.com\/images\/emoji.php\/v5\/z57\/1\/16\/1f609.png\" width=\"16\" height=\"16\" \/><span class=\"_7oe\">\ud83d\ude09<\/span><\/span> sedan gillar jag rundstickor i tr\u00e4. De ligger sk\u00f6nt i handen och jag som stickar l\u00f6st beh\u00f6ver inte vara r\u00e4dd f\u00f6r att stickorna ska glida ut arbetet.<\/p>\n<p><strong>Vad har du f\u00e5tt f\u00f6r respons s\u00e5h\u00e4r l\u00e5ngt?<\/strong><\/p>\n<p>Det \u00e4r v\u00e4ldigt bra f\u00f6r sj\u00e4lvf\u00f6rtroendet att starta butik &#8212; alla \u00e4r s\u00e5 himla glada f\u00f6r min skull och \u00f6nskar mig lycka till!<\/p>\n<p><strong>T\u00e4nker du arbeta med stickcaf\u00e9, kurser eller n\u00e5got annat?<\/strong><\/p>\n<p>M\u00e5let \u00e4r att erbjuda stickcaf\u00e9 en g\u00e5ng i veckan, varannan vecka p\u00e5 kv\u00e4llen och varannan vecka p\u00e5 morgonen innan jag \u00f6ppnar, s\u00e5 kan alla delta. Jag kommer ocks\u00e5 att ha boksigneringar n\u00e5gra g\u00e5nger per \u00e5r och bjuda in en f\u00f6rfattare som skrivit en bok eller gjort m\u00e5nga roliga m\u00f6nster s\u00e5 att de och mina kunder f\u00e5r tr\u00e4ffa varandra. Jag \u00f6ppnar den 3:e november vid elva\u00a0och har boksignering med Anna Bergman som har skrivit <em>Tant Ulltuss sockor<\/em>\u00a0l\u00f6rdagen den 5;e mellan elva och tv\u00e5. Min f\u00f6rhoppning \u00e4r att Henriettas Garn &amp; Kl\u00e4der ska bli en plats d\u00e4r man tr\u00e4ffas och m\u00e5r bra!<\/p>\n<p><strong>Om n\u00e5gon fr\u00e5gar varf\u00f6r man handlar i en liten butik i n\u00e4rheten ist\u00e4llet f\u00f6r att best\u00e4lla garn billigt fr\u00e5n till exempel Adlibris, vad tycker du att man kan svara d\u00e5?<\/strong><\/p>\n<p>Det \u00e4r ju s\u00e5 roligt att f\u00e5 kl\u00e4mma och k\u00e4nna p\u00e5 garnerna innan man k\u00f6per dem! Att kunna j\u00e4mf\u00f6ra f\u00e4rger och kvaliteter &#8212; det kan man inte p\u00e5 tex Adlibris. Man kan f\u00e5 hj\u00e4lp att v\u00e4lja garn, och man f\u00e5r en relation till den som \u00e4ger butiken. Det blir helt enkelt en trevligare k\u00f6pupplevelse.<\/p>\n<p><strong>Vi som inte bor i n\u00e4rheten av dig, hur kan vi ta del av inspirationen fr\u00e5n din butik?<\/strong><\/p>\n<p>Eftersom jag kommer att ha webshop, sida p\u00e5 facebook och konto p\u00e5 instagram s\u00e5 hoppas jag att alla som bes\u00f6ker de platserna kan k\u00e4nna sig delaktiga.<\/p>\n<p>***<\/p>\n<p>Tack Henrietta! Och stort lycka till p\u00e5 torsdag och fram\u00f6ver!<\/p>\n<p>Henriettas Garn &amp; Kl\u00e4der ligger p\u00e5 R\u00e5dhusgatan 7 i Karlskrona.<\/p>\n","protected":false},"excerpt":{"rendered":"<p>Visst \u00e4r det roligt med alla kontakter som uppst\u00e5r tack vare n\u00e5got gemensamt engagemang? Henrietta Winell bor i Karlskrona, och vi har aldrig tr\u00e4ffats, men tack vare n\u00e5gon hj\u00e4lpstickningssatsning d\u00f6k hon upp bland mina v\u00e4nner, och hon har recept med i minst tv\u00e5 av de b\u00f6cker som jag har satt ihop. N\u00e4r jag s\u00e5g p\u00e5&#8230;<\/p>\n","protected":false},"author":31,"featured_media":0,"comment_status":"closed","ping_status":"closed","sticky":false,"template":"","format":"standard","meta":{"site-sidebar-layout":"default","site-content-layout":"","ast-site-content-layout":"default","site-content-style":"default","site-sidebar-style":"default","ast-global-header-display":"","ast-banner-title-visibility":"","ast-main-header-display":"","ast-hfb-above-header-display":"","ast-hfb-below-header-display":"","ast-hfb-mobile-header-display":"","site-post-title":"","ast-breadcrumbs-content":"","ast-featured-img":"","footer-sml-layout":"","ast-disable-related-posts":"","theme-transparent-header-meta":"","adv-header-id-meta":"","stick-header-meta":"","header-above-stick-meta":"","header-main-stick-meta":"","header-below-stick-meta":"","astra-migrate-meta-layouts":"default","ast-page-background-enabled":"default","ast-page-background-meta":{"desktop":{"background-color":"var(--ast-global-color-4)","background-image":"","background-repeat":"repeat","background-position":"center center","background-size":"auto","background-attachment":"scroll","background-type":"","background-media":"","overlay-type":"","overlay-color":"","overlay-opacity":"","overlay-gradient":""},"tablet":{"background-color":"","background-image":"","background-repeat":"repeat","background-position":"center center","background-size":"auto","background-attachment":"scroll","background-type":"","background-media":"","overlay-type":"","overlay-color":"","overlay-opacity":"","overlay-gradient":""},"mobile":{"background-color":"","background-image":"","background-repeat":"repeat","background-position":"center center","background-size":"auto","background-attachment":"scroll","background-type":"","background-media":"","overlay-type":"","overlay-color":"","overlay-opacity":"","overlay-gradient":""}},"ast-content-background-meta":{"desktop":{"background-color":"var(--ast-global-color-5)","background-image":"","background-repeat":"repeat","background-position":"center center","background-size":"auto","background-attachment":"scroll","background-type":"","background-media":"","overlay-type":"","overlay-color":"","overlay-opacity":"","overlay-gradient":""},"tablet":{"background-color":"var(--ast-global-color-5)","background-image":"","background-repeat":"repeat","background-position":"center center","background-size":"auto","background-attachment":"scroll","background-type":"","background-media":"","overlay-type":"","overlay-color":"","overlay-opacity":"","overlay-gradient":""},"mobile":{"background-color":"var(--ast-global-color-5)","background-image":"","background-repeat":"repeat","background-position":"center center","background-size":"auto","background-attachment":"scroll","background-type":"","background-media":"","overlay-type":"","overlay-color":"","overlay-opacity":"","overlay-gradient":""}},"footnotes":""},"categories":[103],"tags":[],"class_list":["post-1140","post","type-post","status-publish","format-standard","hentry","category-intervju"],"_links":{"self":[{"href":"https:\/\/bloggar.hemmetsjournal.se\/anna\/wp-json\/wp\/v2\/posts\/1140"}],"collection":[{"href":"https:\/\/bloggar.hemmetsjournal.se\/anna\/wp-json\/wp\/v2\/posts"}],"about":[{"href":"https:\/\/bloggar.hemmetsjournal.se\/anna\/wp-json\/wp\/v2\/types\/post"}],"author":[{"embeddable":true,"href":"https:\/\/bloggar.hemmetsjournal.se\/anna\/wp-json\/wp\/v2\/users\/31"}],"replies":[{"embeddable":true,"href":"https:\/\/bloggar.hemmetsjournal.se\/anna\/wp-json\/wp\/v2\/comments?post=1140"}],"version-history":[{"count":1,"href":"https:\/\/bloggar.hemmetsjournal.se\/anna\/wp-json\/wp\/v2\/posts\/1140\/revisions"}],"predecessor-version":[{"id":1142,"href":"https:\/\/bloggar.hemmetsjournal.se\/anna\/wp-json\/wp\/v2\/posts\/1140\/revisions\/1142"}],"wp:attachment":[{"href":"https:\/\/bloggar.hemmetsjournal.se\/anna\/wp-json\/wp\/v2\/media?parent=1140"}],"wp:term":[{"taxonomy":"category","embeddable":true,"href":"https:\/\/bloggar.hemmetsjournal.se\/anna\/wp-json\/wp\/v2\/categories?post=1140"},{"taxonomy":"post_tag","embeddable":true,"href":"https:\/\/bloggar.hemmetsjournal.se\/anna\/wp-json\/wp\/v2\/tags?post=1140"}],"curies":[{"name":"wp","href":"https:\/\/api.w.org\/{rel}","templated":true}]}}