{"id":11081,"date":"2018-04-30T17:48:07","date_gmt":"2018-04-30T15:48:07","guid":{"rendered":"https:\/\/bloggar.hemmetsjournal.se\/anna\/?p=11081"},"modified":"2018-04-30T17:48:07","modified_gmt":"2018-04-30T15:48:07","slug":"pa-fabriken-i-malmo","status":"publish","type":"post","link":"https:\/\/bloggar.hemmetsjournal.se\/anna\/2018\/pa-fabriken-i-malmo\/","title":{"rendered":"P\u00e5 Fabriken i Malm\u00f6"},"content":{"rendered":"<p><img loading=\"lazy\" decoding=\"async\" class=\"alignnone size-full wp-image-11082\" src=\"https:\/\/bloggar.hemmetsjournal.se\/anna\/wp-content\/uploads\/sites\/2\/2018\/04\/Mi.jpg\" alt=\"\" width=\"695\" height=\"463\" srcset=\"https:\/\/bloggar.hemmetsjournal.se\/anna\/wp-content\/uploads\/sites\/2\/2018\/04\/Mi.jpg 695w, https:\/\/bloggar.hemmetsjournal.se\/anna\/wp-content\/uploads\/sites\/2\/2018\/04\/Mi-300x200.jpg 300w, https:\/\/bloggar.hemmetsjournal.se\/anna\/wp-content\/uploads\/sites\/2\/2018\/04\/Mi-483x322.jpg 483w, https:\/\/bloggar.hemmetsjournal.se\/anna\/wp-content\/uploads\/sites\/2\/2018\/04\/Mi-360x240.jpg 360w, https:\/\/bloggar.hemmetsjournal.se\/anna\/wp-content\/uploads\/sites\/2\/2018\/04\/Mi-600x400.jpg 600w, https:\/\/bloggar.hemmetsjournal.se\/anna\/wp-content\/uploads\/sites\/2\/2018\/04\/Mi-263x175.jpg 263w, https:\/\/bloggar.hemmetsjournal.se\/anna\/wp-content\/uploads\/sites\/2\/2018\/04\/Mi-24x16.jpg 24w, https:\/\/bloggar.hemmetsjournal.se\/anna\/wp-content\/uploads\/sites\/2\/2018\/04\/Mi-36x24.jpg 36w, https:\/\/bloggar.hemmetsjournal.se\/anna\/wp-content\/uploads\/sites\/2\/2018\/04\/Mi-48x32.jpg 48w\" sizes=\"(max-width: 695px) 100vw, 695px\" \/><\/p>\n<p><em>H\u00e4r f\u00f6rbereds en installation p\u00e5 Fabrikens tak. Min kusin \u00e4r nummer tv\u00e5 fr\u00e5n v\u00e4nster. Bild l\u00e5nad fr\u00e5n <a href=\"https:\/\/vision.se\/Medlem\/tidningen-vision\/arkiv\/2018\/april\/konst-som-skapar-mening\/\">Tidningen Vision<\/a> (foto: Jenny Leyman)<\/em><\/p>\n<p>H\u00e4r i Malm\u00f6 finns det en daglig verksamhet &#8212; en arbetsplats f\u00f6r unga vuxna som har r\u00e4tt till s\u00e4rskilt st\u00f6d (LSS) &#8212; som heter Fabriken.<\/p>\n<p>En av mina kusiner arbetar d\u00e4r, s\u00e5 jag har varit d\u00e4r och h\u00e4lsat p\u00e5. D\u00e5 var det adventsmarknad med saffransbullar som kom direkt fr\u00e5n ugnen, keramik och annat att handla, och s\u00e5klart massor av julpynt. En av de unga m\u00e4nnen \u00e4r helt otrolig p\u00e5 att teckna jugendbyggnader, och ett urval av hans teckningar hade f\u00f6rvandlats till en konstalmanacka som man ocks\u00e5 kunde k\u00f6pa.<\/p>\n<p><img loading=\"lazy\" decoding=\"async\" class=\"alignnone size-full wp-image-11083\" src=\"https:\/\/bloggar.hemmetsjournal.se\/anna\/wp-content\/uploads\/sites\/2\/2018\/04\/Tonya.jpg\" alt=\"\" width=\"695\" height=\"463\" srcset=\"https:\/\/bloggar.hemmetsjournal.se\/anna\/wp-content\/uploads\/sites\/2\/2018\/04\/Tonya.jpg 695w, https:\/\/bloggar.hemmetsjournal.se\/anna\/wp-content\/uploads\/sites\/2\/2018\/04\/Tonya-300x200.jpg 300w, https:\/\/bloggar.hemmetsjournal.se\/anna\/wp-content\/uploads\/sites\/2\/2018\/04\/Tonya-483x322.jpg 483w, https:\/\/bloggar.hemmetsjournal.se\/anna\/wp-content\/uploads\/sites\/2\/2018\/04\/Tonya-360x240.jpg 360w, https:\/\/bloggar.hemmetsjournal.se\/anna\/wp-content\/uploads\/sites\/2\/2018\/04\/Tonya-600x400.jpg 600w, https:\/\/bloggar.hemmetsjournal.se\/anna\/wp-content\/uploads\/sites\/2\/2018\/04\/Tonya-263x175.jpg 263w, https:\/\/bloggar.hemmetsjournal.se\/anna\/wp-content\/uploads\/sites\/2\/2018\/04\/Tonya-24x16.jpg 24w, https:\/\/bloggar.hemmetsjournal.se\/anna\/wp-content\/uploads\/sites\/2\/2018\/04\/Tonya-36x24.jpg 36w, https:\/\/bloggar.hemmetsjournal.se\/anna\/wp-content\/uploads\/sites\/2\/2018\/04\/Tonya-48x32.jpg 48w\" sizes=\"(max-width: 695px) 100vw, 695px\" \/><\/p>\n<p><em>Tonya \u00e4r en av min kusins arbetskamrater.\u00a0Bild l\u00e5nad fr\u00e5n <a href=\"https:\/\/vision.se\/Medlem\/tidningen-vision\/arkiv\/2018\/april\/konst-som-skapar-mening\/\">Tidningen Vision<\/a> (foto: Jenny Leyman)<\/em><\/p>\n<p>Nu kan man h\u00e4lsa p\u00e5 p\u00e5 Fabriken oavsett om man prickar in en av dess \u00d6ppet hus-dagar eller inte &#8212; <a href=\"https:\/\/Bild l\u00e5nad fr\u00e5n Tidningen Vision (foto: Jenny Leyman)\">tidningen Vision har n\u00e4mligen varit d\u00e4r och gjort ett reportage<\/a>!<\/p>\n<p>Jag blir s\u00e5 glad av att l\u00e4sa om en plats d\u00e4r konsthantverk \u00e4r viktigt. Visst \u00e4r vi ganska m\u00e5nga som hellre dricker v\u00e5rt te ur en handgjord och handdekorerad keramikmugg \u00e4n ur n\u00e5got som ingen m\u00e4nniska har r\u00f6rt vid? Och konsthantverk fr\u00e5n dagliga verksamheter h\u00e5ller ofta mycket l\u00e5ga priser &#8212; ibland s\u00e5 l\u00e5ga att jag skulle vilja l\u00e4gga p\u00e5 det dubbla bara f\u00f6r att visa min respekt f\u00f6r dem som har tillverkat sakerna och f\u00f6r deras skicklighet.<\/p>\n<p><img loading=\"lazy\" decoding=\"async\" class=\"alignnone size-full wp-image-11084\" src=\"https:\/\/bloggar.hemmetsjournal.se\/anna\/wp-content\/uploads\/sites\/2\/2018\/04\/Anette-Jonas-Paula-Annika.jpg\" alt=\"\" width=\"695\" height=\"463\" srcset=\"https:\/\/bloggar.hemmetsjournal.se\/anna\/wp-content\/uploads\/sites\/2\/2018\/04\/Anette-Jonas-Paula-Annika.jpg 695w, https:\/\/bloggar.hemmetsjournal.se\/anna\/wp-content\/uploads\/sites\/2\/2018\/04\/Anette-Jonas-Paula-Annika-300x200.jpg 300w, https:\/\/bloggar.hemmetsjournal.se\/anna\/wp-content\/uploads\/sites\/2\/2018\/04\/Anette-Jonas-Paula-Annika-483x322.jpg 483w, https:\/\/bloggar.hemmetsjournal.se\/anna\/wp-content\/uploads\/sites\/2\/2018\/04\/Anette-Jonas-Paula-Annika-360x240.jpg 360w, https:\/\/bloggar.hemmetsjournal.se\/anna\/wp-content\/uploads\/sites\/2\/2018\/04\/Anette-Jonas-Paula-Annika-600x400.jpg 600w, https:\/\/bloggar.hemmetsjournal.se\/anna\/wp-content\/uploads\/sites\/2\/2018\/04\/Anette-Jonas-Paula-Annika-263x175.jpg 263w, https:\/\/bloggar.hemmetsjournal.se\/anna\/wp-content\/uploads\/sites\/2\/2018\/04\/Anette-Jonas-Paula-Annika-24x16.jpg 24w, https:\/\/bloggar.hemmetsjournal.se\/anna\/wp-content\/uploads\/sites\/2\/2018\/04\/Anette-Jonas-Paula-Annika-36x24.jpg 36w, https:\/\/bloggar.hemmetsjournal.se\/anna\/wp-content\/uploads\/sites\/2\/2018\/04\/Anette-Jonas-Paula-Annika-48x32.jpg 48w\" sizes=\"(max-width: 695px) 100vw, 695px\" \/><\/p>\n<p><em>H\u00e4r \u00e4r det Anette, Jonas och Paula som arbetar i en av verkst\u00e4derna. I bakgrunden syns Annika.<\/em>\u00a0<em>Bild l\u00e5nad fr\u00e5n <a href=\"https:\/\/vision.se\/Medlem\/tidningen-vision\/arkiv\/2018\/april\/konst-som-skapar-mening\/\">Tidningen Vision<\/a> (foto: Jenny Leyman)<\/em><\/p>\n<p>Min kusin v\u00e4xlar mellan olika uppgifter p\u00e5 Fabriken: hon har tillverkat ganska m\u00e5nga armband av sm\u00e5, sm\u00e5 glasp\u00e4rlor, hon arbetar med keramiken ibland (jag \u00f6nskar att det gick att best\u00e4lla stora koppar som just hon har gjort &#8230;), hon syr v\u00e4skor och kuddar och barnkl\u00e4der ibland.<\/p>\n<p>Det som tillverkas p\u00e5 Fabriken s\u00e4ljs i en butik som heter Torsten. Om den borde det ocks\u00e5 g\u00f6ras reportage! <a href=\"https:\/\/www.sydsvenskan.se\/2017-01-29\/mobelrenovering-cafe-butik-och-galleri-en-vag-tillbaka-in-i-arbetslivet\">H\u00e4r \u00e4r ett som man kan l\u00e4sa om man \u00e4r prenumerant p\u00e5 Sydsvenskan<\/a>.<\/p>\n<p>Och det kanske b\u00e4sta: i tisdags var min v\u00e4ninna Katarina p\u00e5 bes\u00f6k, och hon hittade ett caf\u00e9 som jag inte hade h\u00f6rt talas om men som verkar vara hur fint som helst. <a href=\"https:\/\/www.augustsurfcafe.se\/\">H\u00e4r!<\/a><\/p>\n<p>&nbsp;<\/p>\n","protected":false},"excerpt":{"rendered":"<p>H\u00e4r f\u00f6rbereds en installation p\u00e5 Fabrikens tak. Min kusin \u00e4r nummer tv\u00e5 fr\u00e5n v\u00e4nster. Bild l\u00e5nad fr\u00e5n Tidningen Vision (foto: Jenny Leyman) H\u00e4r i Malm\u00f6 finns det en daglig verksamhet &#8212; en arbetsplats f\u00f6r unga vuxna som har r\u00e4tt till s\u00e4rskilt st\u00f6d (LSS) &#8212; som heter Fabriken. En av mina kusiner arbetar d\u00e4r, s\u00e5 jag&#8230;<\/p>\n","protected":false},"author":31,"featured_media":0,"comment_status":"closed","ping_status":"closed","sticky":false,"template":"","format":"standard","meta":{"site-sidebar-layout":"default","site-content-layout":"","ast-site-content-layout":"default","site-content-style":"default","site-sidebar-style":"default","ast-global-header-display":"","ast-banner-title-visibility":"","ast-main-header-display":"","ast-hfb-above-header-display":"","ast-hfb-below-header-display":"","ast-hfb-mobile-header-display":"","site-post-title":"","ast-breadcrumbs-content":"","ast-featured-img":"","footer-sml-layout":"","ast-disable-related-posts":"","theme-transparent-header-meta":"","adv-header-id-meta":"","stick-header-meta":"","header-above-stick-meta":"","header-main-stick-meta":"","header-below-stick-meta":"","astra-migrate-meta-layouts":"default","ast-page-background-enabled":"default","ast-page-background-meta":{"desktop":{"background-color":"var(--ast-global-color-4)","background-image":"","background-repeat":"repeat","background-position":"center center","background-size":"auto","background-attachment":"scroll","background-type":"","background-media":"","overlay-type":"","overlay-color":"","overlay-opacity":"","overlay-gradient":""},"tablet":{"background-color":"","background-image":"","background-repeat":"repeat","background-position":"center center","background-size":"auto","background-attachment":"scroll","background-type":"","background-media":"","overlay-type":"","overlay-color":"","overlay-opacity":"","overlay-gradient":""},"mobile":{"background-color":"","background-image":"","background-repeat":"repeat","background-position":"center center","background-size":"auto","background-attachment":"scroll","background-type":"","background-media":"","overlay-type":"","overlay-color":"","overlay-opacity":"","overlay-gradient":""}},"ast-content-background-meta":{"desktop":{"background-color":"var(--ast-global-color-5)","background-image":"","background-repeat":"repeat","background-position":"center center","background-size":"auto","background-attachment":"scroll","background-type":"","background-media":"","overlay-type":"","overlay-color":"","overlay-opacity":"","overlay-gradient":""},"tablet":{"background-color":"var(--ast-global-color-5)","background-image":"","background-repeat":"repeat","background-position":"center center","background-size":"auto","background-attachment":"scroll","background-type":"","background-media":"","overlay-type":"","overlay-color":"","overlay-opacity":"","overlay-gradient":""},"mobile":{"background-color":"var(--ast-global-color-5)","background-image":"","background-repeat":"repeat","background-position":"center center","background-size":"auto","background-attachment":"scroll","background-type":"","background-media":"","overlay-type":"","overlay-color":"","overlay-opacity":"","overlay-gradient":""}},"footnotes":""},"categories":[289,101],"tags":[],"class_list":["post-11081","post","type-post","status-publish","format-standard","hentry","category-halsa","category-lastips"],"_links":{"self":[{"href":"https:\/\/bloggar.hemmetsjournal.se\/anna\/wp-json\/wp\/v2\/posts\/11081"}],"collection":[{"href":"https:\/\/bloggar.hemmetsjournal.se\/anna\/wp-json\/wp\/v2\/posts"}],"about":[{"href":"https:\/\/bloggar.hemmetsjournal.se\/anna\/wp-json\/wp\/v2\/types\/post"}],"author":[{"embeddable":true,"href":"https:\/\/bloggar.hemmetsjournal.se\/anna\/wp-json\/wp\/v2\/users\/31"}],"replies":[{"embeddable":true,"href":"https:\/\/bloggar.hemmetsjournal.se\/anna\/wp-json\/wp\/v2\/comments?post=11081"}],"version-history":[{"count":1,"href":"https:\/\/bloggar.hemmetsjournal.se\/anna\/wp-json\/wp\/v2\/posts\/11081\/revisions"}],"predecessor-version":[{"id":11085,"href":"https:\/\/bloggar.hemmetsjournal.se\/anna\/wp-json\/wp\/v2\/posts\/11081\/revisions\/11085"}],"wp:attachment":[{"href":"https:\/\/bloggar.hemmetsjournal.se\/anna\/wp-json\/wp\/v2\/media?parent=11081"}],"wp:term":[{"taxonomy":"category","embeddable":true,"href":"https:\/\/bloggar.hemmetsjournal.se\/anna\/wp-json\/wp\/v2\/categories?post=11081"},{"taxonomy":"post_tag","embeddable":true,"href":"https:\/\/bloggar.hemmetsjournal.se\/anna\/wp-json\/wp\/v2\/tags?post=11081"}],"curies":[{"name":"wp","href":"https:\/\/api.w.org\/{rel}","templated":true}]}}