{"id":11074,"date":"2018-04-29T07:07:21","date_gmt":"2018-04-29T05:07:21","guid":{"rendered":"https:\/\/bloggar.hemmetsjournal.se\/anna\/?p=11074"},"modified":"2018-04-29T07:08:17","modified_gmt":"2018-04-29T05:08:17","slug":"sticka-for-att-varma","status":"publish","type":"post","link":"https:\/\/bloggar.hemmetsjournal.se\/anna\/2018\/sticka-for-att-varma\/","title":{"rendered":"Sticka f\u00f6r att v\u00e4rma"},"content":{"rendered":"<p><img loading=\"lazy\" decoding=\"async\" class=\"alignnone size-full wp-image-11075\" src=\"https:\/\/bloggar.hemmetsjournal.se\/anna\/wp-content\/uploads\/sites\/2\/2018\/04\/1.jpg\" alt=\"\" width=\"1280\" height=\"853\" srcset=\"https:\/\/bloggar.hemmetsjournal.se\/anna\/wp-content\/uploads\/sites\/2\/2018\/04\/1.jpg 1280w, https:\/\/bloggar.hemmetsjournal.se\/anna\/wp-content\/uploads\/sites\/2\/2018\/04\/1-300x200.jpg 300w, https:\/\/bloggar.hemmetsjournal.se\/anna\/wp-content\/uploads\/sites\/2\/2018\/04\/1-1024x682.jpg 1024w, https:\/\/bloggar.hemmetsjournal.se\/anna\/wp-content\/uploads\/sites\/2\/2018\/04\/1-768x512.jpg 768w, https:\/\/bloggar.hemmetsjournal.se\/anna\/wp-content\/uploads\/sites\/2\/2018\/04\/1-1073x715.jpg 1073w, https:\/\/bloggar.hemmetsjournal.se\/anna\/wp-content\/uploads\/sites\/2\/2018\/04\/1-483x322.jpg 483w, https:\/\/bloggar.hemmetsjournal.se\/anna\/wp-content\/uploads\/sites\/2\/2018\/04\/1-360x240.jpg 360w, https:\/\/bloggar.hemmetsjournal.se\/anna\/wp-content\/uploads\/sites\/2\/2018\/04\/1-600x400.jpg 600w, https:\/\/bloggar.hemmetsjournal.se\/anna\/wp-content\/uploads\/sites\/2\/2018\/04\/1-263x175.jpg 263w, https:\/\/bloggar.hemmetsjournal.se\/anna\/wp-content\/uploads\/sites\/2\/2018\/04\/1-24x16.jpg 24w, https:\/\/bloggar.hemmetsjournal.se\/anna\/wp-content\/uploads\/sites\/2\/2018\/04\/1-36x24.jpg 36w, https:\/\/bloggar.hemmetsjournal.se\/anna\/wp-content\/uploads\/sites\/2\/2018\/04\/1-48x32.jpg 48w\" sizes=\"(max-width: 1280px) 100vw, 1280px\" \/><\/p>\n<p>Ig\u00e5r var det hj\u00e4lpstickningsdag i <strong>Equmeniakyrkan<\/strong> i <strong>H\u00f6\u00f6r<\/strong>! Det var <strong>Sara<\/strong> p\u00e5 <strong>Bilda<\/strong> som hade tagit initiativet till den, och hon gjorde det f\u00f6r att <strong>Ingrid<\/strong> och hennes stickgrupp i <strong>Simrishamn<\/strong> fr\u00e5gade flera g\u00e5nger. Roligt att det blev av!<\/p>\n<p>N\u00e4r affischen hade kommit upp tr\u00e4ffade jag en som sa &#8221;vi kommer inte den h\u00e4r g\u00e5ngen, det \u00e4r ju samma som f\u00f6rra g\u00e5ngen eller hur?&#8221;. Det hade jag inte haft en tanke p\u00e5 &#8212; f\u00f6r mig \u00e4r det s\u00e5 sj\u00e4lvklart (ins\u00e5g jag) att inneh\u00e5llet f\u00f6r\u00e4ndras hela tiden eftersom det h\u00e4nder s\u00e5 mycket. Men f\u00f6r att det inte skulle bli konstigt f\u00f6r dem som var med i H\u00f6\u00f6r f\u00f6rra g\u00e5ngen best\u00e4mde jag mig f\u00f6r att bygga presentationerna p\u00e5 ett annat s\u00e4tt nu.<\/p>\n<p><img loading=\"lazy\" decoding=\"async\" class=\"alignnone size-full wp-image-11076\" src=\"https:\/\/bloggar.hemmetsjournal.se\/anna\/wp-content\/uploads\/sites\/2\/2018\/04\/11.jpg\" alt=\"\" width=\"1280\" height=\"853\" srcset=\"https:\/\/bloggar.hemmetsjournal.se\/anna\/wp-content\/uploads\/sites\/2\/2018\/04\/11.jpg 1280w, https:\/\/bloggar.hemmetsjournal.se\/anna\/wp-content\/uploads\/sites\/2\/2018\/04\/11-300x200.jpg 300w, https:\/\/bloggar.hemmetsjournal.se\/anna\/wp-content\/uploads\/sites\/2\/2018\/04\/11-1024x682.jpg 1024w, https:\/\/bloggar.hemmetsjournal.se\/anna\/wp-content\/uploads\/sites\/2\/2018\/04\/11-768x512.jpg 768w, https:\/\/bloggar.hemmetsjournal.se\/anna\/wp-content\/uploads\/sites\/2\/2018\/04\/11-1073x715.jpg 1073w, https:\/\/bloggar.hemmetsjournal.se\/anna\/wp-content\/uploads\/sites\/2\/2018\/04\/11-483x322.jpg 483w, https:\/\/bloggar.hemmetsjournal.se\/anna\/wp-content\/uploads\/sites\/2\/2018\/04\/11-360x240.jpg 360w, https:\/\/bloggar.hemmetsjournal.se\/anna\/wp-content\/uploads\/sites\/2\/2018\/04\/11-600x400.jpg 600w, https:\/\/bloggar.hemmetsjournal.se\/anna\/wp-content\/uploads\/sites\/2\/2018\/04\/11-263x175.jpg 263w, https:\/\/bloggar.hemmetsjournal.se\/anna\/wp-content\/uploads\/sites\/2\/2018\/04\/11-24x16.jpg 24w, https:\/\/bloggar.hemmetsjournal.se\/anna\/wp-content\/uploads\/sites\/2\/2018\/04\/11-36x24.jpg 36w, https:\/\/bloggar.hemmetsjournal.se\/anna\/wp-content\/uploads\/sites\/2\/2018\/04\/11-48x32.jpg 48w\" sizes=\"(max-width: 1280px) 100vw, 1280px\" \/><\/p>\n<p>Det kom deltagare fr\u00e5n stora delar av Sk\u00e5ne: Simrishamn och H\u00f6\u00f6r f\u00f6rst\u00e5s, men ocks\u00e5 <strong>\u00c5hus<\/strong> och <strong>Helsingborg<\/strong> och flera andra st\u00e4llen.<\/p>\n<p>De nya reglerna om publicering av bilder g\u00f6r att jag inte kan visa n\u00e5gra s\u00e5d\u00e4r utan vidare, och jag hade inte kameran med mig heller, f\u00f6r v\u00e4skorna var s\u00e5 fulla &#8230; men ni f\u00e5r se n\u00e5gra sm\u00e5 snuttar av presentationen ist\u00e4llet! H\u00e4r \u00e4r den bild som jag anv\u00e4nde f\u00f6r att ber\u00e4tta varf\u00f6r det \u00e4r meningsfullt att sticka strumpor trots att det finns j\u00e4ttebilliga superv\u00e4rmesockor p\u00e5 Clas Ohlsson och billiga m\u00f6ssor i alla kl\u00e4daff\u00e4rer. Den personliga omtanken som f\u00f6ljer med \u00e4r n\u00e5got som m\u00e5nga mottagare, b\u00e5de i Sverige och i andra l\u00e4nder, kommenterar.<\/p>\n<p><img loading=\"lazy\" decoding=\"async\" class=\"alignnone size-full wp-image-11077\" src=\"https:\/\/bloggar.hemmetsjournal.se\/anna\/wp-content\/uploads\/sites\/2\/2018\/04\/12.jpg\" alt=\"\" width=\"1280\" height=\"853\" srcset=\"https:\/\/bloggar.hemmetsjournal.se\/anna\/wp-content\/uploads\/sites\/2\/2018\/04\/12.jpg 1280w, https:\/\/bloggar.hemmetsjournal.se\/anna\/wp-content\/uploads\/sites\/2\/2018\/04\/12-300x200.jpg 300w, https:\/\/bloggar.hemmetsjournal.se\/anna\/wp-content\/uploads\/sites\/2\/2018\/04\/12-1024x682.jpg 1024w, https:\/\/bloggar.hemmetsjournal.se\/anna\/wp-content\/uploads\/sites\/2\/2018\/04\/12-768x512.jpg 768w, https:\/\/bloggar.hemmetsjournal.se\/anna\/wp-content\/uploads\/sites\/2\/2018\/04\/12-1073x715.jpg 1073w, https:\/\/bloggar.hemmetsjournal.se\/anna\/wp-content\/uploads\/sites\/2\/2018\/04\/12-483x322.jpg 483w, https:\/\/bloggar.hemmetsjournal.se\/anna\/wp-content\/uploads\/sites\/2\/2018\/04\/12-360x240.jpg 360w, https:\/\/bloggar.hemmetsjournal.se\/anna\/wp-content\/uploads\/sites\/2\/2018\/04\/12-600x400.jpg 600w, https:\/\/bloggar.hemmetsjournal.se\/anna\/wp-content\/uploads\/sites\/2\/2018\/04\/12-263x175.jpg 263w, https:\/\/bloggar.hemmetsjournal.se\/anna\/wp-content\/uploads\/sites\/2\/2018\/04\/12-24x16.jpg 24w, https:\/\/bloggar.hemmetsjournal.se\/anna\/wp-content\/uploads\/sites\/2\/2018\/04\/12-36x24.jpg 36w, https:\/\/bloggar.hemmetsjournal.se\/anna\/wp-content\/uploads\/sites\/2\/2018\/04\/12-48x32.jpg 48w\" sizes=\"(max-width: 1280px) 100vw, 1280px\" \/><\/p>\n<p>Ibland \u00e4r det n\u00e5gra som tycker att jag bara pratar om babypaket, s\u00e5 den h\u00e4r g\u00e5ngen hade jag gjort en p\u00e5minnelse till mig och till alla om att behov finns i alla \u00e5ldrar &#8212; och s\u00e5 ber\u00e4ttade jag s\u00e5klart om att det som beh\u00f6vs allra allra mest i Sverige \u00e4r sockor i herrstorlekar och m\u00f6rkare f\u00e4rger, och om exakt varf\u00f6r babypaketen \u00e4r s\u00e5 viktiga i m\u00e5nga l\u00e4nder.<\/p>\n<p><img loading=\"lazy\" decoding=\"async\" class=\"alignnone size-full wp-image-11078\" src=\"https:\/\/bloggar.hemmetsjournal.se\/anna\/wp-content\/uploads\/sites\/2\/2018\/04\/13.jpg\" alt=\"\" width=\"1280\" height=\"853\" srcset=\"https:\/\/bloggar.hemmetsjournal.se\/anna\/wp-content\/uploads\/sites\/2\/2018\/04\/13.jpg 1280w, https:\/\/bloggar.hemmetsjournal.se\/anna\/wp-content\/uploads\/sites\/2\/2018\/04\/13-300x200.jpg 300w, https:\/\/bloggar.hemmetsjournal.se\/anna\/wp-content\/uploads\/sites\/2\/2018\/04\/13-1024x682.jpg 1024w, https:\/\/bloggar.hemmetsjournal.se\/anna\/wp-content\/uploads\/sites\/2\/2018\/04\/13-768x512.jpg 768w, https:\/\/bloggar.hemmetsjournal.se\/anna\/wp-content\/uploads\/sites\/2\/2018\/04\/13-1073x715.jpg 1073w, https:\/\/bloggar.hemmetsjournal.se\/anna\/wp-content\/uploads\/sites\/2\/2018\/04\/13-483x322.jpg 483w, https:\/\/bloggar.hemmetsjournal.se\/anna\/wp-content\/uploads\/sites\/2\/2018\/04\/13-360x240.jpg 360w, https:\/\/bloggar.hemmetsjournal.se\/anna\/wp-content\/uploads\/sites\/2\/2018\/04\/13-600x400.jpg 600w, https:\/\/bloggar.hemmetsjournal.se\/anna\/wp-content\/uploads\/sites\/2\/2018\/04\/13-263x175.jpg 263w, https:\/\/bloggar.hemmetsjournal.se\/anna\/wp-content\/uploads\/sites\/2\/2018\/04\/13-24x16.jpg 24w, https:\/\/bloggar.hemmetsjournal.se\/anna\/wp-content\/uploads\/sites\/2\/2018\/04\/13-36x24.jpg 36w, https:\/\/bloggar.hemmetsjournal.se\/anna\/wp-content\/uploads\/sites\/2\/2018\/04\/13-48x32.jpg 48w\" sizes=\"(max-width: 1280px) 100vw, 1280px\" \/><\/p>\n<p>Den h\u00e4r bilden gjorde jag av delvis samma anledning: f\u00f6r att komma ih\u00e5g att ber\u00e4tta om vilka som tar emot stickat f\u00f6r att dela ut det i Sverige, och vad de oftast beh\u00f6ver, och s\u00e5 om n\u00e5gra av de organisationer som tar emot f\u00f6r att skicka till andra l\u00e4nder.<\/p>\n<p>En av grupperna skickar sina plagg till Bor\u00e5s, och d\u00e4rifr\u00e5n \u00e5ker de till Kongo-Kinshasa. Jag skulle g\u00e4rna vilja veta mer om den insamlingen &#8212; \u00e4r det n\u00e5gon som vet n\u00e5got och vill ber\u00e4tta?<\/p>\n<p>Det var flera som pratade med Sara om att det borde ordnas s\u00e5dana h\u00e4r dagar p\u00e5 andra st\u00e4llen i Sk\u00e5ne, och det var ju j\u00e4tteroligt att h\u00f6ra. Hoppas att vi kan ses snart igen, och att n\u00e5gra av er som var med tar med \u00e4nnu fler v\u00e4nner d\u00e5! Det \u00e4r v\u00e4ldigt roligt med den h\u00e4r blandningen av bekanta och nya ansikten, och det tror jag att alla som \u00e4r med tycker.<\/p>\n","protected":false},"excerpt":{"rendered":"<p>Ig\u00e5r var det hj\u00e4lpstickningsdag i Equmeniakyrkan i H\u00f6\u00f6r! Det var Sara p\u00e5 Bilda som hade tagit initiativet till den, och hon gjorde det f\u00f6r att Ingrid och hennes stickgrupp i Simrishamn fr\u00e5gade flera g\u00e5nger. Roligt att det blev av! N\u00e4r affischen hade kommit upp tr\u00e4ffade jag en som sa &#8221;vi kommer inte den h\u00e4r g\u00e5ngen,&#8230;<\/p>\n","protected":false},"author":31,"featured_media":0,"comment_status":"closed","ping_status":"closed","sticky":false,"template":"","format":"standard","meta":{"site-sidebar-layout":"default","site-content-layout":"","ast-site-content-layout":"default","site-content-style":"default","site-sidebar-style":"default","ast-global-header-display":"","ast-banner-title-visibility":"","ast-main-header-display":"","ast-hfb-above-header-display":"","ast-hfb-below-header-display":"","ast-hfb-mobile-header-display":"","site-post-title":"","ast-breadcrumbs-content":"","ast-featured-img":"","footer-sml-layout":"","ast-disable-related-posts":"","theme-transparent-header-meta":"","adv-header-id-meta":"","stick-header-meta":"","header-above-stick-meta":"","header-main-stick-meta":"","header-below-stick-meta":"","astra-migrate-meta-layouts":"default","ast-page-background-enabled":"default","ast-page-background-meta":{"desktop":{"background-color":"var(--ast-global-color-4)","background-image":"","background-repeat":"repeat","background-position":"center center","background-size":"auto","background-attachment":"scroll","background-type":"","background-media":"","overlay-type":"","overlay-color":"","overlay-opacity":"","overlay-gradient":""},"tablet":{"background-color":"","background-image":"","background-repeat":"repeat","background-position":"center center","background-size":"auto","background-attachment":"scroll","background-type":"","background-media":"","overlay-type":"","overlay-color":"","overlay-opacity":"","overlay-gradient":""},"mobile":{"background-color":"","background-image":"","background-repeat":"repeat","background-position":"center center","background-size":"auto","background-attachment":"scroll","background-type":"","background-media":"","overlay-type":"","overlay-color":"","overlay-opacity":"","overlay-gradient":""}},"ast-content-background-meta":{"desktop":{"background-color":"var(--ast-global-color-5)","background-image":"","background-repeat":"repeat","background-position":"center center","background-size":"auto","background-attachment":"scroll","background-type":"","background-media":"","overlay-type":"","overlay-color":"","overlay-opacity":"","overlay-gradient":""},"tablet":{"background-color":"var(--ast-global-color-5)","background-image":"","background-repeat":"repeat","background-position":"center center","background-size":"auto","background-attachment":"scroll","background-type":"","background-media":"","overlay-type":"","overlay-color":"","overlay-opacity":"","overlay-gradient":""},"mobile":{"background-color":"var(--ast-global-color-5)","background-image":"","background-repeat":"repeat","background-position":"center center","background-size":"auto","background-attachment":"scroll","background-type":"","background-media":"","overlay-type":"","overlay-color":"","overlay-opacity":"","overlay-gradient":""}},"footnotes":""},"categories":[70],"tags":[89,87,952,1198],"class_list":["post-11074","post","type-post","status-publish","format-standard","hentry","category-hjalpstickningstraffar","tag-equmeniakyrkan-hoor","tag-hoor","tag-maskor-och-stygn","tag-studieforbundet-bilda"],"_links":{"self":[{"href":"https:\/\/bloggar.hemmetsjournal.se\/anna\/wp-json\/wp\/v2\/posts\/11074"}],"collection":[{"href":"https:\/\/bloggar.hemmetsjournal.se\/anna\/wp-json\/wp\/v2\/posts"}],"about":[{"href":"https:\/\/bloggar.hemmetsjournal.se\/anna\/wp-json\/wp\/v2\/types\/post"}],"author":[{"embeddable":true,"href":"https:\/\/bloggar.hemmetsjournal.se\/anna\/wp-json\/wp\/v2\/users\/31"}],"replies":[{"embeddable":true,"href":"https:\/\/bloggar.hemmetsjournal.se\/anna\/wp-json\/wp\/v2\/comments?post=11074"}],"version-history":[{"count":2,"href":"https:\/\/bloggar.hemmetsjournal.se\/anna\/wp-json\/wp\/v2\/posts\/11074\/revisions"}],"predecessor-version":[{"id":11080,"href":"https:\/\/bloggar.hemmetsjournal.se\/anna\/wp-json\/wp\/v2\/posts\/11074\/revisions\/11080"}],"wp:attachment":[{"href":"https:\/\/bloggar.hemmetsjournal.se\/anna\/wp-json\/wp\/v2\/media?parent=11074"}],"wp:term":[{"taxonomy":"category","embeddable":true,"href":"https:\/\/bloggar.hemmetsjournal.se\/anna\/wp-json\/wp\/v2\/categories?post=11074"},{"taxonomy":"post_tag","embeddable":true,"href":"https:\/\/bloggar.hemmetsjournal.se\/anna\/wp-json\/wp\/v2\/tags?post=11074"}],"curies":[{"name":"wp","href":"https:\/\/api.w.org\/{rel}","templated":true}]}}