{"id":11063,"date":"2018-04-17T05:13:52","date_gmt":"2018-04-17T03:13:52","guid":{"rendered":"https:\/\/bloggar.hemmetsjournal.se\/anna\/?p=11063"},"modified":"2018-04-17T05:13:52","modified_gmt":"2018-04-17T03:13:52","slug":"sa-att-de-minsta-ocksa-far-riktiga-klader","status":"publish","type":"post","link":"https:\/\/bloggar.hemmetsjournal.se\/anna\/2018\/sa-att-de-minsta-ocksa-far-riktiga-klader\/","title":{"rendered":"S\u00e5 att de minsta ocks\u00e5 f\u00e5r riktiga kl\u00e4der"},"content":{"rendered":"<p><img loading=\"lazy\" decoding=\"async\" class=\"alignnone size-full wp-image-11064\" src=\"https:\/\/bloggar.hemmetsjournal.se\/anna\/wp-content\/uploads\/sites\/2\/2018\/04\/Sabine.jpg\" alt=\"\" width=\"1020\" height=\"571\" srcset=\"https:\/\/bloggar.hemmetsjournal.se\/anna\/wp-content\/uploads\/sites\/2\/2018\/04\/Sabine.jpg 1020w, https:\/\/bloggar.hemmetsjournal.se\/anna\/wp-content\/uploads\/sites\/2\/2018\/04\/Sabine-300x168.jpg 300w, https:\/\/bloggar.hemmetsjournal.se\/anna\/wp-content\/uploads\/sites\/2\/2018\/04\/Sabine-768x430.jpg 768w, https:\/\/bloggar.hemmetsjournal.se\/anna\/wp-content\/uploads\/sites\/2\/2018\/04\/Sabine-483x270.jpg 483w, https:\/\/bloggar.hemmetsjournal.se\/anna\/wp-content\/uploads\/sites\/2\/2018\/04\/Sabine-360x202.jpg 360w, https:\/\/bloggar.hemmetsjournal.se\/anna\/wp-content\/uploads\/sites\/2\/2018\/04\/Sabine-600x336.jpg 600w, https:\/\/bloggar.hemmetsjournal.se\/anna\/wp-content\/uploads\/sites\/2\/2018\/04\/Sabine-263x147.jpg 263w, https:\/\/bloggar.hemmetsjournal.se\/anna\/wp-content\/uploads\/sites\/2\/2018\/04\/Sabine-24x13.jpg 24w, https:\/\/bloggar.hemmetsjournal.se\/anna\/wp-content\/uploads\/sites\/2\/2018\/04\/Sabine-36x20.jpg 36w, https:\/\/bloggar.hemmetsjournal.se\/anna\/wp-content\/uploads\/sites\/2\/2018\/04\/Sabine-48x27.jpg 48w\" sizes=\"(max-width: 1020px) 100vw, 1020px\" \/><\/p>\n<p><em>Foto: Gugge Zelander (bild l\u00e5nad fr\u00e5n Hemmets Journal)<\/em><\/p>\n<p>M\u00e5nga av oss som hj\u00e4lpstickar \u00e4r med och g\u00f6r startpaket till nyf\u00f6dda i \u00d6steuropa, Asien och Afrika.<\/p>\n<p>En del arbetar f\u00f6r V\u00e4lkomstverket och andra svenska initiativ som g\u00e5r ut p\u00e5 att n\u00e4r barn f\u00f6ds p\u00e5 sjukhus i Sverige och f\u00f6r\u00e4ldrarna inte har haft m\u00f6jlighet att f\u00f6rbereda deras ankomst ska det finnas startpaket som personalen kan dela ut. V\u00e4lkomstverket arbetar i Stockholm, och jag vet att kl\u00e4der och filtar tas emot p\u00e5 f\u00f6rlossningsavdelningarna i \u00d6rebro och Malm\u00f6, bland annat. Det \u00e4r oftast n\u00e5gra av barnmorskorna eller sjuksk\u00f6terskorna som har hand om f\u00f6rr\u00e5det.<\/p>\n<p>Man kan ocks\u00e5 l\u00e4mna sp\u00e4dbarnskl\u00e4der till m\u00e5nga diakoner &#8212; i vissa f\u00f6rsamlingar arbetar diakonerna mycket med barnfamiljer som har ekonomiska bekymmer. Det \u00e4r bara att ringa runt till Svenska kyrkans f\u00f6rsamlingar d\u00e4r man bor, fr\u00e5ga efter den som leder det diakonala arbetet och sedan fr\u00e5ga vad det finns f\u00f6r behov.<\/p>\n<p>Och s\u00e5 finns det ju ett initiativ till: kl\u00e4der f\u00f6r prematurbarn!<\/p>\n<p>Prematurbarn \u00e4r s\u00e5 sm\u00e5 att nyf\u00f6ddstorlekarna fr\u00e5n kl\u00e4daff\u00e4rer blir som sj\u00f6ar att simma i. D\u00e4rf\u00f6r finns det en ganska stor och mycket entusiastisk grupp proffsiga amat\u00f6rs\u00f6mmerskor som arbetar ideellt med att sy det som beh\u00f6vs.<\/p>\n<p>Hemmets Journal har just intervjuat <strong>Sabine Nilsson<\/strong>, som sj\u00e4lv f\u00f6dde tvillingar alldeles f\u00f6r tidigt och som fick lagom stora kl\u00e4der till sina pojkar av en m\u00e4nniska som hon inte k\u00e4nde. Nu \u00e4r hon ideell hemmas\u00f6mmerska och insamlingsansvarig f\u00f6r prematurkl\u00e4der till lasarettet i <strong>Malm\u00f6<\/strong>. <a href=\"https:\/\/www.hemtrevligt.se\/hemmetsjournal\/artiklar\/artiklar\/20180411\/sabine-syr-miniklader-till-for-tidigt-fodda\/\">L\u00e4s intervjun h\u00e4r och bli imponerad och inspirerad!<\/a><\/p>\n","protected":false},"excerpt":{"rendered":"<p>Foto: Gugge Zelander (bild l\u00e5nad fr\u00e5n Hemmets Journal) M\u00e5nga av oss som hj\u00e4lpstickar \u00e4r med och g\u00f6r startpaket till nyf\u00f6dda i \u00d6steuropa, Asien och Afrika. En del arbetar f\u00f6r V\u00e4lkomstverket och andra svenska initiativ som g\u00e5r ut p\u00e5 att n\u00e4r barn f\u00f6ds p\u00e5 sjukhus i Sverige och f\u00f6r\u00e4ldrarna inte har haft m\u00f6jlighet att f\u00f6rbereda deras&#8230;<\/p>\n","protected":false},"author":31,"featured_media":0,"comment_status":"closed","ping_status":"closed","sticky":false,"template":"","format":"standard","meta":{"site-sidebar-layout":"default","site-content-layout":"","ast-site-content-layout":"default","site-content-style":"default","site-sidebar-style":"default","ast-global-header-display":"","ast-banner-title-visibility":"","ast-main-header-display":"","ast-hfb-above-header-display":"","ast-hfb-below-header-display":"","ast-hfb-mobile-header-display":"","site-post-title":"","ast-breadcrumbs-content":"","ast-featured-img":"","footer-sml-layout":"","ast-disable-related-posts":"","theme-transparent-header-meta":"","adv-header-id-meta":"","stick-header-meta":"","header-above-stick-meta":"","header-main-stick-meta":"","header-below-stick-meta":"","astra-migrate-meta-layouts":"default","ast-page-background-enabled":"default","ast-page-background-meta":{"desktop":{"background-color":"var(--ast-global-color-4)","background-image":"","background-repeat":"repeat","background-position":"center center","background-size":"auto","background-attachment":"scroll","background-type":"","background-media":"","overlay-type":"","overlay-color":"","overlay-opacity":"","overlay-gradient":""},"tablet":{"background-color":"","background-image":"","background-repeat":"repeat","background-position":"center center","background-size":"auto","background-attachment":"scroll","background-type":"","background-media":"","overlay-type":"","overlay-color":"","overlay-opacity":"","overlay-gradient":""},"mobile":{"background-color":"","background-image":"","background-repeat":"repeat","background-position":"center center","background-size":"auto","background-attachment":"scroll","background-type":"","background-media":"","overlay-type":"","overlay-color":"","overlay-opacity":"","overlay-gradient":""}},"ast-content-background-meta":{"desktop":{"background-color":"var(--ast-global-color-5)","background-image":"","background-repeat":"repeat","background-position":"center center","background-size":"auto","background-attachment":"scroll","background-type":"","background-media":"","overlay-type":"","overlay-color":"","overlay-opacity":"","overlay-gradient":""},"tablet":{"background-color":"var(--ast-global-color-5)","background-image":"","background-repeat":"repeat","background-position":"center center","background-size":"auto","background-attachment":"scroll","background-type":"","background-media":"","overlay-type":"","overlay-color":"","overlay-opacity":"","overlay-gradient":""},"mobile":{"background-color":"var(--ast-global-color-5)","background-image":"","background-repeat":"repeat","background-position":"center center","background-size":"auto","background-attachment":"scroll","background-type":"","background-media":"","overlay-type":"","overlay-color":"","overlay-opacity":"","overlay-gradient":""}},"footnotes":""},"categories":[100],"tags":[985,1150,29,1205,1207,1206,1208],"class_list":["post-11063","post","type-post","status-publish","format-standard","hentry","category-sy","tag-barnklader","tag-eslov","tag-malmo","tag-prematurgruppen","tag-prematurklader","tag-sabine-nilsson","tag-universitetssjukhuset-malmo"],"_links":{"self":[{"href":"https:\/\/bloggar.hemmetsjournal.se\/anna\/wp-json\/wp\/v2\/posts\/11063"}],"collection":[{"href":"https:\/\/bloggar.hemmetsjournal.se\/anna\/wp-json\/wp\/v2\/posts"}],"about":[{"href":"https:\/\/bloggar.hemmetsjournal.se\/anna\/wp-json\/wp\/v2\/types\/post"}],"author":[{"embeddable":true,"href":"https:\/\/bloggar.hemmetsjournal.se\/anna\/wp-json\/wp\/v2\/users\/31"}],"replies":[{"embeddable":true,"href":"https:\/\/bloggar.hemmetsjournal.se\/anna\/wp-json\/wp\/v2\/comments?post=11063"}],"version-history":[{"count":1,"href":"https:\/\/bloggar.hemmetsjournal.se\/anna\/wp-json\/wp\/v2\/posts\/11063\/revisions"}],"predecessor-version":[{"id":11065,"href":"https:\/\/bloggar.hemmetsjournal.se\/anna\/wp-json\/wp\/v2\/posts\/11063\/revisions\/11065"}],"wp:attachment":[{"href":"https:\/\/bloggar.hemmetsjournal.se\/anna\/wp-json\/wp\/v2\/media?parent=11063"}],"wp:term":[{"taxonomy":"category","embeddable":true,"href":"https:\/\/bloggar.hemmetsjournal.se\/anna\/wp-json\/wp\/v2\/categories?post=11063"},{"taxonomy":"post_tag","embeddable":true,"href":"https:\/\/bloggar.hemmetsjournal.se\/anna\/wp-json\/wp\/v2\/tags?post=11063"}],"curies":[{"name":"wp","href":"https:\/\/api.w.org\/{rel}","templated":true}]}}