{"id":10868,"date":"2018-01-21T09:18:55","date_gmt":"2018-01-21T07:18:55","guid":{"rendered":"https:\/\/bloggar.hemmetsjournal.se\/anna\/?p=10868"},"modified":"2018-01-21T09:21:49","modified_gmt":"2018-01-21T07:21:49","slug":"kongo-ar-hos-oss-varje-ogonblick","status":"publish","type":"post","link":"https:\/\/bloggar.hemmetsjournal.se\/anna\/2018\/kongo-ar-hos-oss-varje-ogonblick\/","title":{"rendered":"Kongo \u00e4r hos oss varje \u00f6gonblick"},"content":{"rendered":"<p><img loading=\"lazy\" decoding=\"async\" class=\"size-full wp-image-10870\" src=\"https:\/\/bloggar.hemmetsjournal.se\/anna\/wp-content\/uploads\/sites\/2\/2018\/01\/kobolt-bild-till-bloggaktion-jan-2018.jpg\" alt=\"\" width=\"600\" height=\"433\" srcset=\"https:\/\/bloggar.hemmetsjournal.se\/anna\/wp-content\/uploads\/sites\/2\/2018\/01\/kobolt-bild-till-bloggaktion-jan-2018.jpg 600w, https:\/\/bloggar.hemmetsjournal.se\/anna\/wp-content\/uploads\/sites\/2\/2018\/01\/kobolt-bild-till-bloggaktion-jan-2018-300x217.jpg 300w, https:\/\/bloggar.hemmetsjournal.se\/anna\/wp-content\/uploads\/sites\/2\/2018\/01\/kobolt-bild-till-bloggaktion-jan-2018-483x349.jpg 483w, https:\/\/bloggar.hemmetsjournal.se\/anna\/wp-content\/uploads\/sites\/2\/2018\/01\/kobolt-bild-till-bloggaktion-jan-2018-360x260.jpg 360w, https:\/\/bloggar.hemmetsjournal.se\/anna\/wp-content\/uploads\/sites\/2\/2018\/01\/kobolt-bild-till-bloggaktion-jan-2018-263x190.jpg 263w, https:\/\/bloggar.hemmetsjournal.se\/anna\/wp-content\/uploads\/sites\/2\/2018\/01\/kobolt-bild-till-bloggaktion-jan-2018-24x17.jpg 24w, https:\/\/bloggar.hemmetsjournal.se\/anna\/wp-content\/uploads\/sites\/2\/2018\/01\/kobolt-bild-till-bloggaktion-jan-2018-36x26.jpg 36w, https:\/\/bloggar.hemmetsjournal.se\/anna\/wp-content\/uploads\/sites\/2\/2018\/01\/kobolt-bild-till-bloggaktion-jan-2018-48x35.jpg 48w\" sizes=\"(max-width: 600px) 100vw, 600px\" \/><\/p>\n<p><em>I juli 2014 uppt\u00e4ckte m\u00e4nniskor i ett bostadsomr\u00e5de i DR Kongo att de bodde ovanp\u00e5 en kobolt\u00e5der. Sedan dess har hundratals gruvor gr\u00e4vts i omr\u00e5det. M\u00e5nga barn arbetar med att leta upp koboltstenar i jordytan, sortera dem och krossa dem. Foto: Amnesty<\/em><\/p>\n<p>&#8221;\u00c4nnu har kobolt, till skillnad fr\u00e5n guld, tenn och koltan inte startat n\u00e5got krig i Kongo. Det klassas heller inte som konfliktmineral&#8221;, l\u00e4ser jag i Aftonbladet.<\/p>\n<p>Reportaget inleds med ett m\u00f6te med <strong>Denis Mukwege<\/strong> n\u00e4r han \u00e4r p\u00e5 bes\u00f6k i Stockholm.<\/p>\n<p>&#8221;Alla pratar om elbilar. Om Tesla och Volvo. N\u00e4sta krig kommer att handla om kobolt&#8221;, s\u00e4ger han.<\/p>\n<p>Koltan \u00e4r en av f\u00f6ruts\u00e4ttningarna f\u00f6r att v\u00e5ra mobiltelefoner ska fungera.<\/p>\n<p>I stort sett alla svenskar som har en mobiltelefon (undantaget \u00e4r de som har skaffat en Fairphone) har del i inb\u00f6rdeskriget i DR Kongo, ett av v\u00e4rldens rikaste l\u00e4nder om man ser till mineraltillg\u00e5ngar, ett av v\u00e4rldens farligaste l\u00e4nder eftersom resten av v\u00e4rlden vill \u00e5t de mineraltillg\u00e5ngarna.<\/p>\n<p>Nu h\u00e5ller kobolt, en mineral som kr\u00e4vs f\u00f6r att uppladdningsbara batterier ska fungera, blivit n\u00e4sta stora tillg\u00e5ng och fara.<\/p>\n<p><img loading=\"lazy\" decoding=\"async\" class=\"alignnone size-full wp-image-10869\" src=\"https:\/\/bloggar.hemmetsjournal.se\/anna\/wp-content\/uploads\/sites\/2\/2018\/01\/mukwege.jpg\" alt=\"\" width=\"848\" height=\"424\" srcset=\"https:\/\/bloggar.hemmetsjournal.se\/anna\/wp-content\/uploads\/sites\/2\/2018\/01\/mukwege.jpg 848w, https:\/\/bloggar.hemmetsjournal.se\/anna\/wp-content\/uploads\/sites\/2\/2018\/01\/mukwege-300x150.jpg 300w, https:\/\/bloggar.hemmetsjournal.se\/anna\/wp-content\/uploads\/sites\/2\/2018\/01\/mukwege-768x384.jpg 768w, https:\/\/bloggar.hemmetsjournal.se\/anna\/wp-content\/uploads\/sites\/2\/2018\/01\/mukwege-483x242.jpg 483w, https:\/\/bloggar.hemmetsjournal.se\/anna\/wp-content\/uploads\/sites\/2\/2018\/01\/mukwege-360x180.jpg 360w, https:\/\/bloggar.hemmetsjournal.se\/anna\/wp-content\/uploads\/sites\/2\/2018\/01\/mukwege-600x300.jpg 600w, https:\/\/bloggar.hemmetsjournal.se\/anna\/wp-content\/uploads\/sites\/2\/2018\/01\/mukwege-263x132.jpg 263w, https:\/\/bloggar.hemmetsjournal.se\/anna\/wp-content\/uploads\/sites\/2\/2018\/01\/mukwege-24x12.jpg 24w, https:\/\/bloggar.hemmetsjournal.se\/anna\/wp-content\/uploads\/sites\/2\/2018\/01\/mukwege-36x18.jpg 36w, https:\/\/bloggar.hemmetsjournal.se\/anna\/wp-content\/uploads\/sites\/2\/2018\/01\/mukwege-48x24.jpg 48w\" sizes=\"(max-width: 848px) 100vw, 848px\" \/><\/p>\n<p><em>Denis Mukwege p\u00e5 Panzisjukhuset i DR Kongo. Foto: L\u00e4karmissionen<\/em><\/p>\n<p><strong>Aftonbladet<\/strong>s stora reportage har rubriken &#8221;<a href=\"https:\/\/special.aftonbladet.se\/blodsbatterier\/\">Blodsbatterier<\/a>&#8221;. <strong>Urban Andersson<\/strong> och <strong>Staffan Lindberg<\/strong>\u00a0har rest till ett samh\u00e4lle d\u00e4r stora m\u00e4ngder kobolt uppt\u00e4cktes nyligen och tr\u00e4ffat n\u00e5gra av de vuxna och barn som arbetar med att gr\u00e4va fram metallan. L\u00e4s!<\/p>\n<p><strong>Amnesty<\/strong> har en kampanj d\u00e4r man kan skicka brev till biltillverkaren <strong>Renault<\/strong> om bilbatterier eftersom batterierna sannolikt \u00e4r gjorda med kobolt som barn har utvunnit &#8212; skriv p\u00e5 den <a href=\"https:\/\/uttryck.amnesty.se\/stoppa-mr-krankningar-koboltutvinningen\/\">h\u00e4r<\/a>!<\/p>\n<p>P.S. L\u00e4s ocks\u00e5 <strong>Magda Gad<\/strong>s n\u00e5gra \u00e5r gamla <a href=\"https:\/\/www.vi-tidningen.se\/dodens-mineral\/\">reportage om koltanbrytningen i Kongo<\/a>! D.S.<\/p>\n","protected":false},"excerpt":{"rendered":"<p>I juli 2014 uppt\u00e4ckte m\u00e4nniskor i ett bostadsomr\u00e5de i DR Kongo att de bodde ovanp\u00e5 en kobolt\u00e5der. Sedan dess har hundratals gruvor gr\u00e4vts i omr\u00e5det. M\u00e5nga barn arbetar med att leta upp koboltstenar i jordytan, sortera dem och krossa dem. Foto: Amnesty &#8221;\u00c4nnu har kobolt, till skillnad fr\u00e5n guld, tenn och koltan inte startat n\u00e5got&#8230;<\/p>\n","protected":false},"author":31,"featured_media":0,"comment_status":"closed","ping_status":"closed","sticky":false,"template":"","format":"standard","meta":{"site-sidebar-layout":"default","site-content-layout":"","ast-site-content-layout":"default","site-content-style":"default","site-sidebar-style":"default","ast-global-header-display":"","ast-banner-title-visibility":"","ast-main-header-display":"","ast-hfb-above-header-display":"","ast-hfb-below-header-display":"","ast-hfb-mobile-header-display":"","site-post-title":"","ast-breadcrumbs-content":"","ast-featured-img":"","footer-sml-layout":"","ast-disable-related-posts":"","theme-transparent-header-meta":"","adv-header-id-meta":"","stick-header-meta":"","header-above-stick-meta":"","header-main-stick-meta":"","header-below-stick-meta":"","astra-migrate-meta-layouts":"default","ast-page-background-enabled":"default","ast-page-background-meta":{"desktop":{"background-color":"var(--ast-global-color-4)","background-image":"","background-repeat":"repeat","background-position":"center center","background-size":"auto","background-attachment":"scroll","background-type":"","background-media":"","overlay-type":"","overlay-color":"","overlay-opacity":"","overlay-gradient":""},"tablet":{"background-color":"","background-image":"","background-repeat":"repeat","background-position":"center center","background-size":"auto","background-attachment":"scroll","background-type":"","background-media":"","overlay-type":"","overlay-color":"","overlay-opacity":"","overlay-gradient":""},"mobile":{"background-color":"","background-image":"","background-repeat":"repeat","background-position":"center center","background-size":"auto","background-attachment":"scroll","background-type":"","background-media":"","overlay-type":"","overlay-color":"","overlay-opacity":"","overlay-gradient":""}},"ast-content-background-meta":{"desktop":{"background-color":"var(--ast-global-color-5)","background-image":"","background-repeat":"repeat","background-position":"center center","background-size":"auto","background-attachment":"scroll","background-type":"","background-media":"","overlay-type":"","overlay-color":"","overlay-opacity":"","overlay-gradient":""},"tablet":{"background-color":"var(--ast-global-color-5)","background-image":"","background-repeat":"repeat","background-position":"center center","background-size":"auto","background-attachment":"scroll","background-type":"","background-media":"","overlay-type":"","overlay-color":"","overlay-opacity":"","overlay-gradient":""},"mobile":{"background-color":"var(--ast-global-color-5)","background-image":"","background-repeat":"repeat","background-position":"center center","background-size":"auto","background-attachment":"scroll","background-type":"","background-media":"","overlay-type":"","overlay-color":"","overlay-opacity":"","overlay-gradient":""}},"footnotes":""},"categories":[1136],"tags":[1148,1146,155,156,1145,157,1147],"class_list":["post-10868","post","type-post","status-publish","format-standard","hentry","category-dr-kongo","tag-barnarbete","tag-blodsmineraler","tag-denis-mukwege","tag-dr-kongo","tag-konfliktmineraler","tag-kongo-kinshasa","tag-laddningsbara-batterier"],"_links":{"self":[{"href":"https:\/\/bloggar.hemmetsjournal.se\/anna\/wp-json\/wp\/v2\/posts\/10868"}],"collection":[{"href":"https:\/\/bloggar.hemmetsjournal.se\/anna\/wp-json\/wp\/v2\/posts"}],"about":[{"href":"https:\/\/bloggar.hemmetsjournal.se\/anna\/wp-json\/wp\/v2\/types\/post"}],"author":[{"embeddable":true,"href":"https:\/\/bloggar.hemmetsjournal.se\/anna\/wp-json\/wp\/v2\/users\/31"}],"replies":[{"embeddable":true,"href":"https:\/\/bloggar.hemmetsjournal.se\/anna\/wp-json\/wp\/v2\/comments?post=10868"}],"version-history":[{"count":3,"href":"https:\/\/bloggar.hemmetsjournal.se\/anna\/wp-json\/wp\/v2\/posts\/10868\/revisions"}],"predecessor-version":[{"id":10873,"href":"https:\/\/bloggar.hemmetsjournal.se\/anna\/wp-json\/wp\/v2\/posts\/10868\/revisions\/10873"}],"wp:attachment":[{"href":"https:\/\/bloggar.hemmetsjournal.se\/anna\/wp-json\/wp\/v2\/media?parent=10868"}],"wp:term":[{"taxonomy":"category","embeddable":true,"href":"https:\/\/bloggar.hemmetsjournal.se\/anna\/wp-json\/wp\/v2\/categories?post=10868"},{"taxonomy":"post_tag","embeddable":true,"href":"https:\/\/bloggar.hemmetsjournal.se\/anna\/wp-json\/wp\/v2\/tags?post=10868"}],"curies":[{"name":"wp","href":"https:\/\/api.w.org\/{rel}","templated":true}]}}