{"id":10210,"date":"2017-07-24T19:24:38","date_gmt":"2017-07-24T17:24:38","guid":{"rendered":"https:\/\/bloggar.hemmetsjournal.se\/anna\/?p=10210"},"modified":"2017-07-24T19:28:49","modified_gmt":"2017-07-24T17:28:49","slug":"hjalpstickningshelgen-pa-oland","status":"publish","type":"post","link":"https:\/\/bloggar.hemmetsjournal.se\/anna\/2017\/hjalpstickningshelgen-pa-oland\/","title":{"rendered":"Hj\u00e4lpstickningshelgen p\u00e5 \u00d6land"},"content":{"rendered":"<p><img loading=\"lazy\" decoding=\"async\" class=\"alignnone size-full wp-image-10211\" src=\"https:\/\/bloggar.hemmetsjournal.se\/anna\/wp-content\/uploads\/sites\/2\/2017\/07\/B\u00f6dag\u00e5rden.jpg\" alt=\"\" width=\"367\" height=\"652\" srcset=\"https:\/\/bloggar.hemmetsjournal.se\/anna\/wp-content\/uploads\/sites\/2\/2017\/07\/B\u00f6dag\u00e5rden.jpg 367w, https:\/\/bloggar.hemmetsjournal.se\/anna\/wp-content\/uploads\/sites\/2\/2017\/07\/B\u00f6dag\u00e5rden-169x300.jpg 169w, https:\/\/bloggar.hemmetsjournal.se\/anna\/wp-content\/uploads\/sites\/2\/2017\/07\/B\u00f6dag\u00e5rden-281x500.jpg 281w, https:\/\/bloggar.hemmetsjournal.se\/anna\/wp-content\/uploads\/sites\/2\/2017\/07\/B\u00f6dag\u00e5rden-285x506.jpg 285w, https:\/\/bloggar.hemmetsjournal.se\/anna\/wp-content\/uploads\/sites\/2\/2017\/07\/B\u00f6dag\u00e5rden-148x263.jpg 148w, https:\/\/bloggar.hemmetsjournal.se\/anna\/wp-content\/uploads\/sites\/2\/2017\/07\/B\u00f6dag\u00e5rden-14x24.jpg 14w, https:\/\/bloggar.hemmetsjournal.se\/anna\/wp-content\/uploads\/sites\/2\/2017\/07\/B\u00f6dag\u00e5rden-20x36.jpg 20w, https:\/\/bloggar.hemmetsjournal.se\/anna\/wp-content\/uploads\/sites\/2\/2017\/07\/B\u00f6dag\u00e5rden-27x48.jpg 27w\" sizes=\"(max-width: 367px) 100vw, 367px\" \/><\/p>\n<p>Nu \u00e4r det drygt en m\u00e5nad kvar till helgen p\u00e5 \u00d6land d\u00e4r vi ska hj\u00e4lpsticka tillsammans, utforska modeller och id\u00e9er (kanske hitta nya ocks\u00e5) och f\u00f6rdjupa oss i n\u00e5gra bitar hj\u00e4lpstickningshistoria.<\/p>\n<p>S\u00e5h\u00e4r presenterar <a href=\"https:\/\/www.bodagarden.nu\/web\/Program.aspx\">B\u00f6dag\u00e5rden <\/a>helgen:<\/p>\n<h1><em>Sticka fj\u00e4rrv\u00e4rme i h\u00f6st<\/em><\/h1>\n<div><em>V\u00e4lkommen till v\u00e5r popul\u00e4ra stickhelg i h\u00f6st. Vi \u00e4r stolta \u00f6ver att f\u00e5 presentera Anna Braw\u00a0<\/em><em>som kursledare. <\/em><\/div>\n<div><em>Med v\u00e5ra h\u00e4nder, ett par stickor eller en virkn\u00e5l och lite garn kan vi v\u00e4rma\u00a0<\/em><em>frusna barn och vuxna b\u00e5de h\u00e4r hemma och i andra l\u00e4nder.<\/em><\/div>\n<div><em>Anna Braw skriver om stickning b\u00e5de p\u00e5 en blogg hos Hemmets Journal och p\u00e5 J\u00e4rbo Garns blogg.<\/em><\/div>\n<div><em>Hon ligger bakom en rad b\u00f6cker i Kyrkkaffe-serien, d\u00e4r bland annat de popul\u00e4ra\u00a0<\/em><em>handarbetsb\u00f6ckerna K\u00e4rlek, n\u00e5l och tr\u00e5d \u2013 det b\u00e4sta fr\u00e5n syf\u00f6reningarnas\u00a0<\/em><em>v\u00e4rld, V\u00e4rma en liten, Sticka &amp; skicka och Garngl\u00e4dje ing\u00e5r.<\/em><\/div>\n<div><em>\u00a0<\/em><\/div>\n<div><em>Kursavgift: 1 300 kr inkl. boende, mat och stickaktiviteter.<\/em><\/div>\n<div><em>Material kan medtagas eller k\u00f6pas p\u00e5 plats.<\/em><\/div>\n<div><em>Anm\u00e4lan senast den 15 augusti. Begr\u00e4nsat antal platser!<\/em><\/div>\n<div><em>\u00a0<\/em><\/div>\n<div><em>Du anm\u00e4ler dig till <strong>info@bodagarden.nu<\/strong>\u00a0och betalar in anm\u00e4lningsavgift p\u00e5 300 kr senast 14 dagar efter din anm\u00e4lan. Detta betalas inte tillbaka vid avanm\u00e4lan.\u00a0<\/em><\/div>\n<div><em>Du f\u00e5r ett informationsbrev ang stickhelgen under augusti m\u00e5nad.<\/em><\/div>\n<div><em>I \u00e5r kommer boendet att ske i Utsikten.\u00a0<\/em><\/div>\n<p>***<\/p>\n<p>Jag vet faktiskt inte om det finns n\u00e5gra platser kvar, men om du \u00e4r intresserad, skriv och fr\u00e5ga! Och jag ser fram emot att tr\u00e4ffa m\u00e5nga av er d\u00e4r!<\/p>\n","protected":false},"excerpt":{"rendered":"<p>Nu \u00e4r det drygt en m\u00e5nad kvar till helgen p\u00e5 \u00d6land d\u00e4r vi ska hj\u00e4lpsticka tillsammans, utforska modeller och id\u00e9er (kanske hitta nya ocks\u00e5) och f\u00f6rdjupa oss i n\u00e5gra bitar hj\u00e4lpstickningshistoria. S\u00e5h\u00e4r presenterar B\u00f6dag\u00e5rden helgen: Sticka fj\u00e4rrv\u00e4rme i h\u00f6st V\u00e4lkommen till v\u00e5r popul\u00e4ra stickhelg i h\u00f6st. Vi \u00e4r stolta \u00f6ver att f\u00e5 presentera Anna Braw\u00a0som&#8230;<\/p>\n","protected":false},"author":31,"featured_media":0,"comment_status":"closed","ping_status":"closed","sticky":false,"template":"","format":"standard","meta":{"site-sidebar-layout":"default","site-content-layout":"","ast-site-content-layout":"default","site-content-style":"default","site-sidebar-style":"default","ast-global-header-display":"","ast-banner-title-visibility":"","ast-main-header-display":"","ast-hfb-above-header-display":"","ast-hfb-below-header-display":"","ast-hfb-mobile-header-display":"","site-post-title":"","ast-breadcrumbs-content":"","ast-featured-img":"","footer-sml-layout":"","ast-disable-related-posts":"","theme-transparent-header-meta":"","adv-header-id-meta":"","stick-header-meta":"","header-above-stick-meta":"","header-main-stick-meta":"","header-below-stick-meta":"","astra-migrate-meta-layouts":"default","ast-page-background-enabled":"default","ast-page-background-meta":{"desktop":{"background-color":"var(--ast-global-color-4)","background-image":"","background-repeat":"repeat","background-position":"center center","background-size":"auto","background-attachment":"scroll","background-type":"","background-media":"","overlay-type":"","overlay-color":"","overlay-opacity":"","overlay-gradient":""},"tablet":{"background-color":"","background-image":"","background-repeat":"repeat","background-position":"center center","background-size":"auto","background-attachment":"scroll","background-type":"","background-media":"","overlay-type":"","overlay-color":"","overlay-opacity":"","overlay-gradient":""},"mobile":{"background-color":"","background-image":"","background-repeat":"repeat","background-position":"center center","background-size":"auto","background-attachment":"scroll","background-type":"","background-media":"","overlay-type":"","overlay-color":"","overlay-opacity":"","overlay-gradient":""}},"ast-content-background-meta":{"desktop":{"background-color":"var(--ast-global-color-5)","background-image":"","background-repeat":"repeat","background-position":"center center","background-size":"auto","background-attachment":"scroll","background-type":"","background-media":"","overlay-type":"","overlay-color":"","overlay-opacity":"","overlay-gradient":""},"tablet":{"background-color":"var(--ast-global-color-5)","background-image":"","background-repeat":"repeat","background-position":"center center","background-size":"auto","background-attachment":"scroll","background-type":"","background-media":"","overlay-type":"","overlay-color":"","overlay-opacity":"","overlay-gradient":""},"mobile":{"background-color":"var(--ast-global-color-5)","background-image":"","background-repeat":"repeat","background-position":"center center","background-size":"auto","background-attachment":"scroll","background-type":"","background-media":"","overlay-type":"","overlay-color":"","overlay-opacity":"","overlay-gradient":""}},"footnotes":""},"categories":[70],"tags":[953,954,955,956],"class_list":["post-10210","post","type-post","status-publish","format-standard","hentry","category-hjalpstickningstraffar","tag-bodagarden","tag-bodagardens-camping","tag-hjalpstickningshelg","tag-stickningshelg"],"_links":{"self":[{"href":"https:\/\/bloggar.hemmetsjournal.se\/anna\/wp-json\/wp\/v2\/posts\/10210"}],"collection":[{"href":"https:\/\/bloggar.hemmetsjournal.se\/anna\/wp-json\/wp\/v2\/posts"}],"about":[{"href":"https:\/\/bloggar.hemmetsjournal.se\/anna\/wp-json\/wp\/v2\/types\/post"}],"author":[{"embeddable":true,"href":"https:\/\/bloggar.hemmetsjournal.se\/anna\/wp-json\/wp\/v2\/users\/31"}],"replies":[{"embeddable":true,"href":"https:\/\/bloggar.hemmetsjournal.se\/anna\/wp-json\/wp\/v2\/comments?post=10210"}],"version-history":[{"count":5,"href":"https:\/\/bloggar.hemmetsjournal.se\/anna\/wp-json\/wp\/v2\/posts\/10210\/revisions"}],"predecessor-version":[{"id":10216,"href":"https:\/\/bloggar.hemmetsjournal.se\/anna\/wp-json\/wp\/v2\/posts\/10210\/revisions\/10216"}],"wp:attachment":[{"href":"https:\/\/bloggar.hemmetsjournal.se\/anna\/wp-json\/wp\/v2\/media?parent=10210"}],"wp:term":[{"taxonomy":"category","embeddable":true,"href":"https:\/\/bloggar.hemmetsjournal.se\/anna\/wp-json\/wp\/v2\/categories?post=10210"},{"taxonomy":"post_tag","embeddable":true,"href":"https:\/\/bloggar.hemmetsjournal.se\/anna\/wp-json\/wp\/v2\/tags?post=10210"}],"curies":[{"name":"wp","href":"https:\/\/api.w.org\/{rel}","templated":true}]}}