{"id":10191,"date":"2017-07-21T05:38:34","date_gmt":"2017-07-21T03:38:34","guid":{"rendered":"https:\/\/bloggar.hemmetsjournal.se\/anna\/?p=10191"},"modified":"2017-07-21T05:38:34","modified_gmt":"2017-07-21T03:38:34","slug":"att-tanka-pa-nagon-annan","status":"publish","type":"post","link":"https:\/\/bloggar.hemmetsjournal.se\/anna\/2017\/att-tanka-pa-nagon-annan\/","title":{"rendered":"Att t\u00e4nka p\u00e5 n\u00e5gon annan"},"content":{"rendered":"<p>De senaste dagarna har jag f\u00e5tt tips fr\u00e5n flera h\u00e5ll om n\u00e5got som h\u00e4nder p\u00e5 en anstalt i <strong>G\u00e4vle<\/strong>.<\/p>\n<p><img loading=\"lazy\" decoding=\"async\" class=\"alignnone size-full wp-image-10192\" src=\"https:\/\/bloggar.hemmetsjournal.se\/anna\/wp-content\/uploads\/sites\/2\/2017\/07\/G\u00e4vle-kriminalv\u00e5rdsanstalt.jpg\" alt=\"\" width=\"980\" height=\"653\" srcset=\"https:\/\/bloggar.hemmetsjournal.se\/anna\/wp-content\/uploads\/sites\/2\/2017\/07\/G\u00e4vle-kriminalv\u00e5rdsanstalt.jpg 980w, https:\/\/bloggar.hemmetsjournal.se\/anna\/wp-content\/uploads\/sites\/2\/2017\/07\/G\u00e4vle-kriminalv\u00e5rdsanstalt-300x200.jpg 300w, https:\/\/bloggar.hemmetsjournal.se\/anna\/wp-content\/uploads\/sites\/2\/2017\/07\/G\u00e4vle-kriminalv\u00e5rdsanstalt-768x512.jpg 768w, https:\/\/bloggar.hemmetsjournal.se\/anna\/wp-content\/uploads\/sites\/2\/2017\/07\/G\u00e4vle-kriminalv\u00e5rdsanstalt-483x322.jpg 483w, https:\/\/bloggar.hemmetsjournal.se\/anna\/wp-content\/uploads\/sites\/2\/2017\/07\/G\u00e4vle-kriminalv\u00e5rdsanstalt-360x240.jpg 360w, https:\/\/bloggar.hemmetsjournal.se\/anna\/wp-content\/uploads\/sites\/2\/2017\/07\/G\u00e4vle-kriminalv\u00e5rdsanstalt-600x400.jpg 600w, https:\/\/bloggar.hemmetsjournal.se\/anna\/wp-content\/uploads\/sites\/2\/2017\/07\/G\u00e4vle-kriminalv\u00e5rdsanstalt-263x175.jpg 263w, https:\/\/bloggar.hemmetsjournal.se\/anna\/wp-content\/uploads\/sites\/2\/2017\/07\/G\u00e4vle-kriminalv\u00e5rdsanstalt-24x16.jpg 24w, https:\/\/bloggar.hemmetsjournal.se\/anna\/wp-content\/uploads\/sites\/2\/2017\/07\/G\u00e4vle-kriminalv\u00e5rdsanstalt-36x24.jpg 36w, https:\/\/bloggar.hemmetsjournal.se\/anna\/wp-content\/uploads\/sites\/2\/2017\/07\/G\u00e4vle-kriminalv\u00e5rdsanstalt-48x32.jpg 48w\" sizes=\"(max-width: 980px) 100vw, 980px\" \/><\/p>\n<p><em>Intagna p\u00e5 G\u00e4vle kriminalv\u00e5rdsanstalt stickar barnm\u00f6ssor p\u00e5 stora p\u00e5tramar, s\u00e5 kallad Quick Knit-ramar. Bild l\u00e5nad fr\u00e5n Gefle Dagblad.<\/em><\/p>\n<p><a href=\"https:\/\/www.gd.se\/logga-in\/har-lar-sig-fangarna-sticka-pa-fangelset-i-gavle-skanker-gladje-till-sjuka-barn\">Gefle Dagblad gjorde ett reportage<\/a>\u00a0 med \u00f6verskriften &#8221;H\u00e4r l\u00e4r sig f\u00e5ngarna sticka p\u00e5 f\u00e4ngelset i G\u00e4vle &#8212; sk\u00e4nker gl\u00e4dje till sjuka barn&#8221;, och sedan har\u00a0<a href=\"https:\/\/www.aftonbladet.se\/nyheter\/a\/bV6yq\/anstaltens-intagna-stickar-mossor--till-cancersjuka-barn\">Aftonbladet ocks\u00e5 skrivit om arbetet<\/a>\u00a0som b\u00f6rjade i april i \u00e5r.<\/p>\n<p>Under tv\u00e5 tretimmarspass varje dag kan de intagna p\u00e5 G\u00e4vle kriminalv\u00e5rdsanstalt delta i den nya verksamheten antingen genom att sticka m\u00f6ssor eller genom att sy bandanas och v\u00e4skor, allt i storlekar som passar barn. Resultatet skickas till barnavdelningarna p\u00e5 lasarettet i G\u00e4vle och till barnonkologen i Uppsala.<\/p>\n<p>Kriminalv\u00e5rdaren <strong>Kattis Olsson<\/strong>, som har tagit initiativet till arbetet och som sj\u00e4lv har arbetat med textilhantverk tidigare, s\u00e4ger:<\/p>\n<p>&#8221;Killarna uppskattar det och \u00e4r otroligt duktiga. Det \u00e4r s\u00e5 roligt n\u00e4r de ser att de klarar av det. M\u00e5nga kanske tror att killar inte kan sticka, men det kan de.&#8221;<\/p>\n<p>Och sedan:<\/p>\n<p>&#8221;Det kommer s\u00e5 mycket bra saker n\u00e4r vi \u00e4r tillsammans i verkstaden. Vi pratar om behandling och saker som h\u00e4nder p\u00e5 utsidan. Det blir ett helt annat snack \u00e4n n\u00e4r de \u00e4r uppe p\u00e5 avdelningen.&#8221;<\/p>\n<p>Att stickning och virkning kan vara en bra syssels\u00e4ttning och gruppaktivitet f\u00f6r m\u00e4nniskor som sitter inl\u00e5sta \u00e4r inte alldeles nytt &#8212; n\u00e5gra av er minns kanske <a href=\"https:\/\/bloggar.hemmetsjournal.se\/anna\/2017\/sydafrikanskt-filtrekord\/\">ett av v\u00e4rldsrekorden i virkade filtar, det sydafrikanska<\/a>, d\u00e4r intagna p\u00e5 flera anstalter var med och virkade och dessutom tog ansvaret f\u00f6r att virka ihop filtarna.<\/p>\n<p>I <strong>USA<\/strong> finns det h\u00e4r och var entusiaster som volont\u00e4rarbetar med handarbete p\u00e5 anstalter &#8212; <a href=\"https:\/\/www.washingtonpost.com\/local\/2014\/04\/24\/a814362a-ae0e-11e3-a49e-76adc9210f19_story.html?utm_term=.57b88bde9902\">h\u00e4r har Washington Post intervjuat en av dem<\/a>, <strong>Lynn Zwerling<\/strong>. I hennes grupper b\u00f6rjar alla med att tillverka en m\u00f6ssa till n\u00e5gon som de k\u00e4nner att de vill s\u00e4ga f\u00f6rl\u00e5t till. Den skickas iv\u00e4g tillsammans med ett brev. Sedan forts\u00e4tter stickaren in i det gemensamma projektet som \u00e4r att sticka m\u00f6ssor till hj\u00e4lporganisationer.<\/p>\n<p>Den som har handarbetat i grupp och upplevt de positiva sidorna av det beh\u00f6ver inte bli ett dugg f\u00f6rv\u00e5nad \u00f6ver att handarbete fungerar s\u00e5 bra p\u00e5 anstalter ocks\u00e5, eller hur? Den st\u00f6rsta utmaningen f\u00f6r den som leder arbetet kan nog vara att sl\u00e5 an r\u00e4tt ton i gruppen fr\u00e5n b\u00f6rjan och att sedan vara exakt lagom noga med att se till att atmosf\u00e4ren blir en d\u00e4r alla kan trivas och k\u00e4nna sig hemma. Men po\u00e4ngen p\u00e5 alla st\u00e4llena verkar vara m\u00f6jligheten att g\u00f6ra n\u00e5got med h\u00e4nderna och koncentrera sig p\u00e5 hur andra m\u00e4nniskor har det och vad de beh\u00f6ver, att t\u00e4nka p\u00e5 n\u00e5gon annan, allts\u00e5. I G\u00e4vle skriver m\u00f6sstillverkarna ocks\u00e5 sm\u00e5 h\u00e4lsningar till de barn som ska f\u00e5 presenterna.<\/p>\n<p>Hurra f\u00f6r modiga och uth\u00e5lliga m\u00e4nniskor som ser till att s\u00e5dana h\u00e4r saker h\u00e4nder!<\/p>\n","protected":false},"excerpt":{"rendered":"<p>De senaste dagarna har jag f\u00e5tt tips fr\u00e5n flera h\u00e5ll om n\u00e5got som h\u00e4nder p\u00e5 en anstalt i G\u00e4vle. Intagna p\u00e5 G\u00e4vle kriminalv\u00e5rdsanstalt stickar barnm\u00f6ssor p\u00e5 stora p\u00e5tramar, s\u00e5 kallad Quick Knit-ramar. Bild l\u00e5nad fr\u00e5n Gefle Dagblad. Gefle Dagblad gjorde ett reportage\u00a0 med \u00f6verskriften &#8221;H\u00e4r l\u00e4r sig f\u00e5ngarna sticka p\u00e5 f\u00e4ngelset i G\u00e4vle &#8212; sk\u00e4nker&#8230;<\/p>\n","protected":false},"author":31,"featured_media":0,"comment_status":"closed","ping_status":"closed","sticky":false,"template":"","format":"standard","meta":{"site-sidebar-layout":"default","site-content-layout":"","ast-site-content-layout":"default","site-content-style":"default","site-sidebar-style":"default","ast-global-header-display":"","ast-banner-title-visibility":"","ast-main-header-display":"","ast-hfb-above-header-display":"","ast-hfb-below-header-display":"","ast-hfb-mobile-header-display":"","site-post-title":"","ast-breadcrumbs-content":"","ast-featured-img":"","footer-sml-layout":"","ast-disable-related-posts":"","theme-transparent-header-meta":"","adv-header-id-meta":"","stick-header-meta":"","header-above-stick-meta":"","header-main-stick-meta":"","header-below-stick-meta":"","astra-migrate-meta-layouts":"default","ast-page-background-enabled":"default","ast-page-background-meta":{"desktop":{"background-color":"var(--ast-global-color-4)","background-image":"","background-repeat":"repeat","background-position":"center center","background-size":"auto","background-attachment":"scroll","background-type":"","background-media":"","overlay-type":"","overlay-color":"","overlay-opacity":"","overlay-gradient":""},"tablet":{"background-color":"","background-image":"","background-repeat":"repeat","background-position":"center center","background-size":"auto","background-attachment":"scroll","background-type":"","background-media":"","overlay-type":"","overlay-color":"","overlay-opacity":"","overlay-gradient":""},"mobile":{"background-color":"","background-image":"","background-repeat":"repeat","background-position":"center center","background-size":"auto","background-attachment":"scroll","background-type":"","background-media":"","overlay-type":"","overlay-color":"","overlay-opacity":"","overlay-gradient":""}},"ast-content-background-meta":{"desktop":{"background-color":"var(--ast-global-color-5)","background-image":"","background-repeat":"repeat","background-position":"center center","background-size":"auto","background-attachment":"scroll","background-type":"","background-media":"","overlay-type":"","overlay-color":"","overlay-opacity":"","overlay-gradient":""},"tablet":{"background-color":"var(--ast-global-color-5)","background-image":"","background-repeat":"repeat","background-position":"center center","background-size":"auto","background-attachment":"scroll","background-type":"","background-media":"","overlay-type":"","overlay-color":"","overlay-opacity":"","overlay-gradient":""},"mobile":{"background-color":"var(--ast-global-color-5)","background-image":"","background-repeat":"repeat","background-position":"center center","background-size":"auto","background-attachment":"scroll","background-type":"","background-media":"","overlay-type":"","overlay-color":"","overlay-opacity":"","overlay-gradient":""}},"footnotes":""},"categories":[289,70,101],"tags":[951],"class_list":["post-10191","post","type-post","status-publish","format-standard","hentry","category-halsa","category-hjalpstickningstraffar","category-lastips","tag-gavle-kriminalvardsanstalt"],"_links":{"self":[{"href":"https:\/\/bloggar.hemmetsjournal.se\/anna\/wp-json\/wp\/v2\/posts\/10191"}],"collection":[{"href":"https:\/\/bloggar.hemmetsjournal.se\/anna\/wp-json\/wp\/v2\/posts"}],"about":[{"href":"https:\/\/bloggar.hemmetsjournal.se\/anna\/wp-json\/wp\/v2\/types\/post"}],"author":[{"embeddable":true,"href":"https:\/\/bloggar.hemmetsjournal.se\/anna\/wp-json\/wp\/v2\/users\/31"}],"replies":[{"embeddable":true,"href":"https:\/\/bloggar.hemmetsjournal.se\/anna\/wp-json\/wp\/v2\/comments?post=10191"}],"version-history":[{"count":1,"href":"https:\/\/bloggar.hemmetsjournal.se\/anna\/wp-json\/wp\/v2\/posts\/10191\/revisions"}],"predecessor-version":[{"id":10193,"href":"https:\/\/bloggar.hemmetsjournal.se\/anna\/wp-json\/wp\/v2\/posts\/10191\/revisions\/10193"}],"wp:attachment":[{"href":"https:\/\/bloggar.hemmetsjournal.se\/anna\/wp-json\/wp\/v2\/media?parent=10191"}],"wp:term":[{"taxonomy":"category","embeddable":true,"href":"https:\/\/bloggar.hemmetsjournal.se\/anna\/wp-json\/wp\/v2\/categories?post=10191"},{"taxonomy":"post_tag","embeddable":true,"href":"https:\/\/bloggar.hemmetsjournal.se\/anna\/wp-json\/wp\/v2\/tags?post=10191"}],"curies":[{"name":"wp","href":"https:\/\/api.w.org\/{rel}","templated":true}]}}